{"id":3004,"date":"2026-04-29T23:27:56","date_gmt":"2026-04-29T23:27:56","guid":{"rendered":"https:\/\/apdnoticias.com\/?p=3004"},"modified":"2026-04-29T23:27:56","modified_gmt":"2026-04-29T23:27:56","slug":"impulsa-ayuntamiento-de-cuernavaca-el-desarrollo-cultural-infantil","status":"publish","type":"post","link":"http:\/\/apdnoticias.com\/?p=3004","title":{"rendered":"Impulsa Ayuntamiento de Cuernavaca el desarrollo cultural infantil"},"content":{"rendered":"\n<p>  <\/p>\n\n\n\n<ul class=\"wp-block-list\">\n<li>Ni\u00f1as, ni\u00f1os y familias participaron en una jornada cultural con presentaciones literarias y una puesta en escena, fortaleciendo el acceso al arte y la convivencia comunitaria en Cuernavaca<\/li>\n<\/ul>\n\n\n\n<p>El Ayuntamiento de Cuernavaca, a trav\u00e9s del Instituto de Cultura, adscrito a la Secretar\u00eda de Desarrollo Humano y Participaci\u00f3n Social (SDHyPS), llev\u00f3 a cabo con \u00e9xito una jornada cultural en el Museo de la Ciudad de Cuernavaca (MuCiC), en el marco del Festival de las Infancias, donde ni\u00f1as, ni\u00f1os y familias disfrutaron de actividades art\u00edsticas y literarias dise\u00f1adas para fomentar la creatividad, la imaginaci\u00f3n y el gusto por la lectura.<\/p>\n\n\n\n<p>Como parte de la programaci\u00f3n, se realiz\u00f3 la presentaci\u00f3n del libro \u201cPinta el G\u00e9nesis\u201d, una propuesta editorial dirigida al p\u00fablico infantil que combina el aprendizaje con la expresi\u00f3n art\u00edstica, permitiendo a las y los asistentes interactuar con historias a trav\u00e9s del dibujo y el color y que, a su vez, contribuye con el desarrollo de habilidades creativas y al acercamiento temprano a la lectura para las infancias.<\/p>\n\n\n\n<p>Posteriormente, se present\u00f3 la obra de teatro \u201cImaginaci\u00f3n\u201d, una puesta en escena infantil llena de color, personajes entra\u00f1ables y mensajes positivos, que promovi\u00f3 valores como la amistad, la empat\u00eda y el trabajo en equipo, generando un ambiente l\u00fadico y participativo entre el p\u00fablico infantil.<\/p>\n\n\n\n<p>La jornada concluy\u00f3 con la presentaci\u00f3n del libro \u201cCuento que cuento, un cuento contando\u201d, una obra literaria enfocada en el arte de narrar historias y despertar la imaginaci\u00f3n, fortaleciendo la tradici\u00f3n oral y el v\u00ednculo entre la literatura y la ni\u00f1ez.<\/p>\n\n\n\n<p>Este tipo de actividades se enmarcan en la conmemoraci\u00f3n del D\u00eda Mundial del Libro y el D\u00eda Internacional de la Ni\u00f1ez, destacando la importancia de acercar contenidos culturales y educativos a las nuevas generaciones y el impulso a la lectura como una herramienta fundamental para el aprendizaje que favorece el desarrollo del pensamiento cr\u00edtico, la creatividad y la comprensi\u00f3n del entorno.<\/p>\n\n\n\n<p>Con una destacada participaci\u00f3n de familias cuernavacenses, el evento consolid\u00f3 al museo como un espacio de encuentro comunitario donde el arte y la cultura se viven de manera accesible e incluyente.<\/p>\n\n\n\n<p>El Ayuntamiento de Cuernavaca reafirma su compromiso de seguir impulsando programas culturales que fortalezcan el desarrollo integral de la ni\u00f1ez, promoviendo entornos donde el conocimiento, la imaginaci\u00f3n y la convivencia sean pilares para la construcci\u00f3n de una sociedad m\u00e1s participativa y consciente.<\/p>\n","protected":false},"excerpt":{"rendered":"<p>El Ayuntamiento de Cuernavaca, a trav\u00e9s del Instituto de Cultura, adscrito a la Secretar\u00eda de Desarrollo Humano y Participaci\u00f3n Social (SDHyPS), llev\u00f3 a cabo con \u00e9xito una jornada cultural en el Museo de la Ciudad de Cuernavaca (MuCiC), en el marco del Festival de las Infancias, donde ni\u00f1as, ni\u00f1os y familias disfrutaron de actividades art\u00edsticas [&hellip;]<\/p>\n","protected":false},"author":3,"featured_media":3005,"comment_status":"open","ping_status":"open","sticky":false,"template":"","format":"standard","meta":{"_jetpack_memberships_contains_paid_content":false,"footnotes":""},"categories":[13],"tags":[],"class_list":["post-3004","post","type-post","status-publish","format-standard","has-post-thumbnail","hentry","category-local"],"jetpack_featured_media_url":"http:\/\/apdnoticias.com\/wp-content\/uploads\/2026\/04\/e9bf45e2-a280-406c-952b-a322167ccded.jpeg","jetpack_sharing_enabled":true,"_links":{"self":[{"href":"http:\/\/apdnoticias.com\/index.php?rest_route=\/wp\/v2\/posts\/3004","targetHints":{"allow":["GET"]}}],"collection":[{"href":"http:\/\/apdnoticias.com\/index.php?rest_route=\/wp\/v2\/posts"}],"about":[{"href":"http:\/\/apdnoticias.com\/index.php?rest_route=\/wp\/v2\/types\/post"}],"author":[{"embeddable":true,"href":"http:\/\/apdnoticias.com\/index.php?rest_route=\/wp\/v2\/users\/3"}],"replies":[{"embeddable":true,"href":"http:\/\/apdnoticias.com\/index.php?rest_route=%2Fwp%2Fv2%2Fcomments&post=3004"}],"version-history":[{"count":1,"href":"http:\/\/apdnoticias.com\/index.php?rest_route=\/wp\/v2\/posts\/3004\/revisions"}],"predecessor-version":[{"id":3006,"href":"http:\/\/apdnoticias.com\/index.php?rest_route=\/wp\/v2\/posts\/3004\/revisions\/3006"}],"wp:featuredmedia":[{"embeddable":true,"href":"http:\/\/apdnoticias.com\/index.php?rest_route=\/wp\/v2\/media\/3005"}],"wp:attachment":[{"href":"http:\/\/apdnoticias.com\/index.php?rest_route=%2Fwp%2Fv2%2Fmedia&parent=3004"}],"wp:term":[{"taxonomy":"category","embeddable":true,"href":"http:\/\/apdnoticias.com\/index.php?rest_route=%2Fwp%2Fv2%2Fcategories&post=3004"},{"taxonomy":"post_tag","embeddable":true,"href":"http:\/\/apdnoticias.com\/index.php?rest_route=%2Fwp%2Fv2%2Ftags&post=3004"}],"curies":[{"name":"wp","href":"https:\/\/api.w.org\/{rel}","templated":true}]}}