{"id":3020,"date":"2026-05-02T00:03:37","date_gmt":"2026-05-02T00:03:37","guid":{"rendered":"https:\/\/apdnoticias.com\/?p=3020"},"modified":"2026-05-02T00:45:26","modified_gmt":"2026-05-02T00:45:26","slug":"asaltan-a-elemento-de-la-fgr-dentro-de-tienda-de-conveniencia-en-cuernavaca","status":"publish","type":"post","link":"http:\/\/apdnoticias.com\/?p=3020","title":{"rendered":"Asaltan a elemento de la FGR dentro de tienda de conveniencia en Cuernavaca"},"content":{"rendered":"\n<p>CUERNAVACA-MOR. Este viernes un agente de investigaci\u00f3n criminal de la Fiscal\u00eda General de la Rep\u00fablica fue v\u00edctima de un robo con violencia al interior de una tienda de conveniencia ubicada en la colonia Miraval, en el municipio de Cuernavaca.<\/p>\n\n\n\n<p>Los hechos ocurrieron en el establecimiento localizado sobre la esquina de Avenida Manuel Mazari y Avenida Peric\u00f3n, donde dos sujetos armados interceptaron al elemento federal para despojarlo de efectivo, documentaci\u00f3n personal y su arma de cargo.<\/p>\n\n\n\n<p>La v\u00edctima, identificada como Osvaldo \u201cN\u201d, de 37 a\u00f1os de edad, inform\u00f3 que entre lo robado se encontraban aproximadamente 40 mil pesos en efectivo, adem\u00e1s de su cartera con identificaciones oficiales.<\/p>\n\n\n\n<p>De acuerdo con el reporte, los presuntos responsables escaparon a bordo de una motocicleta negra tipo Bajaj Pulsar NS200 con direcci\u00f3n hacia la zona del t\u00fanel.<\/p>\n\n\n\n<p>Tras recibir el reporte, corporaciones de seguridad desplegaron un operativo de b\u00fasqueda; sin embargo, no se logr\u00f3 ubicar a los responsables.<\/p>\n\n\n\n<p>Las autoridades ya iniciaron las investigaciones correspondientes para dar con su paradero. #Cuernavaca #Morelos #Seguridad<\/p>\n","protected":false},"excerpt":{"rendered":"<p>CUERNAVACA-MOR. Este viernes un agente de investigaci\u00f3n criminal de la Fiscal\u00eda General de la Rep\u00fablica fue v\u00edctima de un robo con violencia al interior de una tienda de conveniencia ubicada en la colonia Miraval, en el municipio de Cuernavaca. Los hechos ocurrieron en el establecimiento localizado sobre la esquina de Avenida Manuel Mazari y Avenida [&hellip;]<\/p>\n","protected":false},"author":4,"featured_media":3021,"comment_status":"open","ping_status":"open","sticky":false,"template":"","format":"standard","meta":{"_jetpack_memberships_contains_paid_content":false,"footnotes":""},"categories":[5],"tags":[],"class_list":["post-3020","post","type-post","status-publish","format-standard","has-post-thumbnail","hentry","category-morelos"],"jetpack_featured_media_url":"http:\/\/apdnoticias.com\/wp-content\/uploads\/2026\/05\/5e293763-cc07-4fcb-9773-43d378e65122.jpeg","jetpack_sharing_enabled":true,"_links":{"self":[{"href":"http:\/\/apdnoticias.com\/index.php?rest_route=\/wp\/v2\/posts\/3020","targetHints":{"allow":["GET"]}}],"collection":[{"href":"http:\/\/apdnoticias.com\/index.php?rest_route=\/wp\/v2\/posts"}],"about":[{"href":"http:\/\/apdnoticias.com\/index.php?rest_route=\/wp\/v2\/types\/post"}],"author":[{"embeddable":true,"href":"http:\/\/apdnoticias.com\/index.php?rest_route=\/wp\/v2\/users\/4"}],"replies":[{"embeddable":true,"href":"http:\/\/apdnoticias.com\/index.php?rest_route=%2Fwp%2Fv2%2Fcomments&post=3020"}],"version-history":[{"count":3,"href":"http:\/\/apdnoticias.com\/index.php?rest_route=\/wp\/v2\/posts\/3020\/revisions"}],"predecessor-version":[{"id":3028,"href":"http:\/\/apdnoticias.com\/index.php?rest_route=\/wp\/v2\/posts\/3020\/revisions\/3028"}],"wp:featuredmedia":[{"embeddable":true,"href":"http:\/\/apdnoticias.com\/index.php?rest_route=\/wp\/v2\/media\/3021"}],"wp:attachment":[{"href":"http:\/\/apdnoticias.com\/index.php?rest_route=%2Fwp%2Fv2%2Fmedia&parent=3020"}],"wp:term":[{"taxonomy":"category","embeddable":true,"href":"http:\/\/apdnoticias.com\/index.php?rest_route=%2Fwp%2Fv2%2Fcategories&post=3020"},{"taxonomy":"post_tag","embeddable":true,"href":"http:\/\/apdnoticias.com\/index.php?rest_route=%2Fwp%2Fv2%2Ftags&post=3020"}],"curies":[{"name":"wp","href":"https:\/\/api.w.org\/{rel}","templated":true}]}}