{"id":3023,"date":"2026-05-02T00:14:03","date_gmt":"2026-05-02T00:14:03","guid":{"rendered":"https:\/\/apdnoticias.com\/?p=3023"},"modified":"2026-05-02T00:46:42","modified_gmt":"2026-05-02T00:46:42","slug":"accidente-de-transporte-publico-deja-varios-lesionados-en-la-carretera-cuernavaca-yautepec","status":"publish","type":"post","link":"http:\/\/apdnoticias.com\/?p=3023","title":{"rendered":"Accidente de transporte p\u00fablico deja lesionados en la carretera Cuernavaca\u2013Yautepec"},"content":{"rendered":"\n<p>YAUTEPEC-MOR. Unidad del transporte p\u00fablico de la Ruta 19 volc\u00f3 la tarde de este viernes sobre la carretera federal que conecta a Cuernavaca con Yautepec, a la altura del municipio de Yautepec, dejando como saldo a siete personas lesionadas hasta el momento.<\/p>\n\n\n\n<p>Tras el percance, automovilistas que circulaban por la zona y vecinos del lugar acudieron de inmediato para auxiliar a los pasajeros que se encontraban al interior de la unidad.<\/p>\n\n\n\n<p>De acuerdo con informaci\u00f3n obtenida hasta el momento, algunos ocupantes quedaron atrapados, por lo que ciudadanos realizaron maniobras para romper los cristales y facilitar su rescate, en tanto arribaban los cuerpos de emergencia.<\/p>\n\n\n\n<p>Posteriormente, param\u00e9dicos brindaron atenci\u00f3n prehospitalaria a los lesionados y realizaron el traslado de varios de ellos a hospitales de la regi\u00f3n para su valoraci\u00f3n m\u00e9dica.<\/p>\n\n\n\n<p>Debido a la magnitud del incidente y al n\u00famero de personas afectadas, fue necesaria la participaci\u00f3n de ambulancias de municipios cercanos para reforzar las labores de auxilio.<\/p>\n\n\n\n<p>Hasta el momento, las causas del accidente no han sido determinadas de manera oficial. Autoridades ya realizan las investigaciones correspondientes para esclarecer si el percance deriv\u00f3 de una falla mec\u00e1nica o de alguna otra circunstancia relacionada con la conducci\u00f3n de la unidad.<\/p>\n\n\n\n<p><\/p>\n","protected":false},"excerpt":{"rendered":"<p>YAUTEPEC-MOR. Unidad del transporte p\u00fablico de la Ruta 19 volc\u00f3 la tarde de este viernes sobre la carretera federal que conecta a Cuernavaca con Yautepec, a la altura del municipio de Yautepec, dejando como saldo a siete personas lesionadas hasta el momento. Tras el percance, automovilistas que circulaban por la zona y vecinos del lugar [&hellip;]<\/p>\n","protected":false},"author":4,"featured_media":3024,"comment_status":"open","ping_status":"open","sticky":false,"template":"","format":"standard","meta":{"_jetpack_memberships_contains_paid_content":false,"footnotes":""},"categories":[5],"tags":[],"class_list":["post-3023","post","type-post","status-publish","format-standard","has-post-thumbnail","hentry","category-morelos"],"jetpack_featured_media_url":"http:\/\/apdnoticias.com\/wp-content\/uploads\/2026\/05\/IMG_1668.jpeg","jetpack_sharing_enabled":true,"_links":{"self":[{"href":"http:\/\/apdnoticias.com\/index.php?rest_route=\/wp\/v2\/posts\/3023","targetHints":{"allow":["GET"]}}],"collection":[{"href":"http:\/\/apdnoticias.com\/index.php?rest_route=\/wp\/v2\/posts"}],"about":[{"href":"http:\/\/apdnoticias.com\/index.php?rest_route=\/wp\/v2\/types\/post"}],"author":[{"embeddable":true,"href":"http:\/\/apdnoticias.com\/index.php?rest_route=\/wp\/v2\/users\/4"}],"replies":[{"embeddable":true,"href":"http:\/\/apdnoticias.com\/index.php?rest_route=%2Fwp%2Fv2%2Fcomments&post=3023"}],"version-history":[{"count":4,"href":"http:\/\/apdnoticias.com\/index.php?rest_route=\/wp\/v2\/posts\/3023\/revisions"}],"predecessor-version":[{"id":3030,"href":"http:\/\/apdnoticias.com\/index.php?rest_route=\/wp\/v2\/posts\/3023\/revisions\/3030"}],"wp:featuredmedia":[{"embeddable":true,"href":"http:\/\/apdnoticias.com\/index.php?rest_route=\/wp\/v2\/media\/3024"}],"wp:attachment":[{"href":"http:\/\/apdnoticias.com\/index.php?rest_route=%2Fwp%2Fv2%2Fmedia&parent=3023"}],"wp:term":[{"taxonomy":"category","embeddable":true,"href":"http:\/\/apdnoticias.com\/index.php?rest_route=%2Fwp%2Fv2%2Fcategories&post=3023"},{"taxonomy":"post_tag","embeddable":true,"href":"http:\/\/apdnoticias.com\/index.php?rest_route=%2Fwp%2Fv2%2Ftags&post=3023"}],"curies":[{"name":"wp","href":"https:\/\/api.w.org\/{rel}","templated":true}]}}