{"id":485,"date":"2024-12-01T05:45:51","date_gmt":"2024-12-01T05:45:51","guid":{"rendered":"http:\/\/apdnoticias.com\/?p=485"},"modified":"2024-12-01T05:45:51","modified_gmt":"2024-12-01T05:45:51","slug":"garantiza-cabildo-de-cuernavaca-continuidad-en-los-trabajos-de-seguridad-publica","status":"publish","type":"post","link":"http:\/\/apdnoticias.com\/?p=485","title":{"rendered":"Garantiza Cabildo de Cuernavaca continuidad en los trabajos de seguridad p\u00fablica"},"content":{"rendered":"\n<p>Con el objetivo de garantizar el buen funcionamiento y operatividad del Ayuntamiento de Cuernavaca, el Cabildo autoriz\u00f3 la reforma al Reglamento Interior del Consejo Municipal de Seguridad P\u00fablica que espec\u00edfica la renovaci\u00f3n peri\u00f3dica de sus integrantes, que no solo son representantes de instituciones de seguridad y procuraci\u00f3n de justicia, sino tambi\u00e9n de la sociedad civil, a fin de garantizar la continuidad de los trabajos ante el cambio de administraci\u00f3n.<\/p>\n\n\n\n<p>El acuerdo se consider\u00f3 necesario debido a que la \u00faltima actualizaci\u00f3n de este marco normativo data del a\u00f1o 2000 pese a ser el \u00f3rgano encargado de proponer pol\u00edticas, criterios y acciones en materia de seguridad p\u00fablica municipal tendientes a prevenir y combatir la delincuencia con la participaci\u00f3n coordinada de la sociedad civil en el marco normativo de los sistemas estatal y nacional de seguridad p\u00fablica.<\/p>\n\n\n\n<p>Dentro de esta reforma se establece la pr\u00f3rroga de un a\u00f1o m\u00e1s en las representaciones de la sociedad civil que duran un a\u00f1o en este cargo honorifico con el objetivo de que el cambio de gobierno municipal no afecte los avances en la materia, evitando que tengan que partir de cero en las administraciones.<\/p>\n","protected":false},"excerpt":{"rendered":"<p>Con el objetivo de garantizar el buen funcionamiento y operatividad del Ayuntamiento de Cuernavaca, el Cabildo autoriz\u00f3 la reforma al Reglamento Interior del Consejo Municipal de Seguridad P\u00fablica que espec\u00edfica la renovaci\u00f3n peri\u00f3dica de sus integrantes, que no solo son representantes de instituciones de seguridad y procuraci\u00f3n de justicia, sino tambi\u00e9n de la sociedad civil, [&hellip;]<\/p>\n","protected":false},"author":3,"featured_media":486,"comment_status":"open","ping_status":"open","sticky":false,"template":"","format":"standard","meta":{"_jetpack_memberships_contains_paid_content":false,"footnotes":""},"categories":[5],"tags":[],"class_list":["post-485","post","type-post","status-publish","format-standard","has-post-thumbnail","hentry","category-morelos"],"jetpack_featured_media_url":"http:\/\/apdnoticias.com\/wp-content\/uploads\/2024\/12\/f25d9d95-1831-46b9-a85d-78cc1d3029a0.jpeg","jetpack_sharing_enabled":true,"_links":{"self":[{"href":"http:\/\/apdnoticias.com\/index.php?rest_route=\/wp\/v2\/posts\/485","targetHints":{"allow":["GET"]}}],"collection":[{"href":"http:\/\/apdnoticias.com\/index.php?rest_route=\/wp\/v2\/posts"}],"about":[{"href":"http:\/\/apdnoticias.com\/index.php?rest_route=\/wp\/v2\/types\/post"}],"author":[{"embeddable":true,"href":"http:\/\/apdnoticias.com\/index.php?rest_route=\/wp\/v2\/users\/3"}],"replies":[{"embeddable":true,"href":"http:\/\/apdnoticias.com\/index.php?rest_route=%2Fwp%2Fv2%2Fcomments&post=485"}],"version-history":[{"count":1,"href":"http:\/\/apdnoticias.com\/index.php?rest_route=\/wp\/v2\/posts\/485\/revisions"}],"predecessor-version":[{"id":487,"href":"http:\/\/apdnoticias.com\/index.php?rest_route=\/wp\/v2\/posts\/485\/revisions\/487"}],"wp:featuredmedia":[{"embeddable":true,"href":"http:\/\/apdnoticias.com\/index.php?rest_route=\/wp\/v2\/media\/486"}],"wp:attachment":[{"href":"http:\/\/apdnoticias.com\/index.php?rest_route=%2Fwp%2Fv2%2Fmedia&parent=485"}],"wp:term":[{"taxonomy":"category","embeddable":true,"href":"http:\/\/apdnoticias.com\/index.php?rest_route=%2Fwp%2Fv2%2Fcategories&post=485"},{"taxonomy":"post_tag","embeddable":true,"href":"http:\/\/apdnoticias.com\/index.php?rest_route=%2Fwp%2Fv2%2Ftags&post=485"}],"curies":[{"name":"wp","href":"https:\/\/api.w.org\/{rel}","templated":true}]}}