{"id":488,"date":"2024-12-03T01:13:51","date_gmt":"2024-12-03T01:13:51","guid":{"rendered":"http:\/\/apdnoticias.com\/?p=488"},"modified":"2024-12-03T01:13:51","modified_gmt":"2024-12-03T01:13:51","slug":"policia-de-cuernavaca-exhorta-a-denunciar-hechos-de-violencia-familiar-que-se-incrementa-en-fechas-recientes","status":"publish","type":"post","link":"http:\/\/apdnoticias.com\/?p=488","title":{"rendered":"Polic\u00eda de Cuernavaca exhorta a denunciar hechos de violencia familiar que se incrementa en fechas recientes."},"content":{"rendered":"\n<p>Al cierre de a\u00f1o las llamadas de denuncia en la SEPRAC aumentan hasta en un 35 por ciento por violencia<\/p>\n\n\n\n<p>\u2022 Tambi\u00e9n se incrementan denuncias por alteraci\u00f3n del orden p\u00fablico consecuencia del consumo de alcohol en las calles o altos decibeles de m\u00fasica por las noches y madrugadas<\/p>\n\n\n\n<p>La Secretar\u00eda de Protecci\u00f3n y Auxilio Ciudadano de Cuernavaca (SEPRAC) hizo un llamado a la poblaci\u00f3n a denunciar cualquier acto de violencia en el n\u00facleo familiar, resaltando que, en este \u00faltimo periodo del a\u00f1o 2024 en el municipio las denuncias aumentan hasta en un 35 por ciento por violencia, consumo de alcohol en las calles o ruido que da\u00f1a la tranquilidad en las noches y madrugadas de algunos vecinos.<\/p>\n\n\n\n<p>En conferencia de prensa semanal, la titular de SEPRAC, Alicia V\u00e1zquez Luna, resalt\u00f3 que a trav\u00e9s de las acciones operativas no solo buscan prevenir y aplicar el Bando de Polic\u00eda, sino tambi\u00e9n sancionar el delito de violencia familiar que genera trastornos entre la sociedad ante el desarrollo humano inadecuado e irregular de las personas provocando problemas que se traducen en violencia en las calles de la ciudad.<\/p>\n\n\n\n<p>Y es que, resalt\u00f3 que del 25 de noviembre al 01 de diciembre detuvieron a 81 personas, de las cuales 74 fueron puestas a disposici\u00f3n del Juez C\u00edvico y siete al Ministerio P\u00fablico, entre ellas Carlos Andr\u00e9s \u201cN\u201d en la colonia Altavista por su probable participaci\u00f3n en el delito de violencia familiar en virtud de recibir una llamada para se\u00f1alar que estaba golpeando a una mujer.<\/p>\n\n\n\n<p>Por otra parte, se dio a conocer que en el poblado de Chapultepec detuvieron a Mart\u00edn \u201cN\u201d por delitos contra la salud, asegur\u00e1ndole 20 bolsitas de pl\u00e1stico tipo ziploc que conten\u00edan en su interior una sustancia granulada de color blanco con las caracter\u00edsticas del cristal, quien en 2015 fue puesto a disposici\u00f3n del Ministerio P\u00fablico por su probable participaci\u00f3n en el delito de robo a transporte p\u00fablico relacionado con la carpeta de investigaci\u00f3n SC01\/5506\/2015<\/p>\n\n\n\n<p>El 29 de noviembre en la colonia Las Palmas detuvieron a Ricardo \u201cN\u201d y Alejandro o Jaime (Jimmy) \u201cN\u201d por portaci\u00f3n de arma de fuego sin licencia, se les aseguraron dos armas de fuego largas, un arma de fuego corta, una granada, cargadores y cartuchos \u00fatiles, as\u00ed como un veh\u00edculo marca Toyota, submarca Hilux de color plata con placas de circulaci\u00f3n G28Z16G.<\/p>\n\n\n\n<p>En la colonia Delicias la polic\u00eda municipal detuvo a Yazm\u00edn \u201cN\u201d y Valentina \u201cN\u201d su probable participaci\u00f3n en el delito de abuso de confianza y el 30 de noviembre fue detenido Luis Andr\u00e9s \u201cN\u201d en la colonia Condominios Cuauhn\u00e1huac por su probable participaci\u00f3n en el delito de homicidio culposo en agravio de una persona del sexo femenino y lesiones en agravio de dos personas del sexo masculino derivado de un hecho de tr\u00e1nsito (atropellamiento).<\/p>\n\n\n\n<p>V\u00e1zquez Luna record\u00f3 que para denunciar o solicitar alg\u00fan apoyo pueden comunicarse al n\u00famero de la Central de Emergencias del C4 de Cuernavaca que es el 777 312 1274.<\/p>\n","protected":false},"excerpt":{"rendered":"<p>Al cierre de a\u00f1o las llamadas de denuncia en la SEPRAC aumentan hasta en un 35 por ciento por violencia \u2022 Tambi\u00e9n se incrementan denuncias por alteraci\u00f3n del orden p\u00fablico consecuencia del consumo de alcohol en las calles o altos decibeles de m\u00fasica por las noches y madrugadas La Secretar\u00eda de Protecci\u00f3n y Auxilio Ciudadano [&hellip;]<\/p>\n","protected":false},"author":3,"featured_media":489,"comment_status":"open","ping_status":"open","sticky":false,"template":"","format":"standard","meta":{"_jetpack_memberships_contains_paid_content":false,"footnotes":""},"categories":[5],"tags":[],"class_list":["post-488","post","type-post","status-publish","format-standard","has-post-thumbnail","hentry","category-morelos"],"jetpack_featured_media_url":"http:\/\/apdnoticias.com\/wp-content\/uploads\/2024\/12\/87f0fe5a-a955-46e2-94f0-3af66db667ed.jpeg","jetpack_sharing_enabled":true,"_links":{"self":[{"href":"http:\/\/apdnoticias.com\/index.php?rest_route=\/wp\/v2\/posts\/488","targetHints":{"allow":["GET"]}}],"collection":[{"href":"http:\/\/apdnoticias.com\/index.php?rest_route=\/wp\/v2\/posts"}],"about":[{"href":"http:\/\/apdnoticias.com\/index.php?rest_route=\/wp\/v2\/types\/post"}],"author":[{"embeddable":true,"href":"http:\/\/apdnoticias.com\/index.php?rest_route=\/wp\/v2\/users\/3"}],"replies":[{"embeddable":true,"href":"http:\/\/apdnoticias.com\/index.php?rest_route=%2Fwp%2Fv2%2Fcomments&post=488"}],"version-history":[{"count":1,"href":"http:\/\/apdnoticias.com\/index.php?rest_route=\/wp\/v2\/posts\/488\/revisions"}],"predecessor-version":[{"id":490,"href":"http:\/\/apdnoticias.com\/index.php?rest_route=\/wp\/v2\/posts\/488\/revisions\/490"}],"wp:featuredmedia":[{"embeddable":true,"href":"http:\/\/apdnoticias.com\/index.php?rest_route=\/wp\/v2\/media\/489"}],"wp:attachment":[{"href":"http:\/\/apdnoticias.com\/index.php?rest_route=%2Fwp%2Fv2%2Fmedia&parent=488"}],"wp:term":[{"taxonomy":"category","embeddable":true,"href":"http:\/\/apdnoticias.com\/index.php?rest_route=%2Fwp%2Fv2%2Fcategories&post=488"},{"taxonomy":"post_tag","embeddable":true,"href":"http:\/\/apdnoticias.com\/index.php?rest_route=%2Fwp%2Fv2%2Ftags&post=488"}],"curies":[{"name":"wp","href":"https:\/\/api.w.org\/{rel}","templated":true}]}}