{"id":512,"date":"2024-12-07T22:49:53","date_gmt":"2024-12-07T22:49:53","guid":{"rendered":"http:\/\/apdnoticias.com\/?p=512"},"modified":"2024-12-07T22:49:53","modified_gmt":"2024-12-07T22:49:53","slug":"ayuntamiento-de-cuernavaca-embellece-la-ciudad-con-la-flor-tipica-de-la-temporada","status":"publish","type":"post","link":"http:\/\/apdnoticias.com\/?p=512","title":{"rendered":"Ayuntamiento de Cuernavaca embellece la ciudad con la flor t\u00edpica de la temporada"},"content":{"rendered":"\n<p>Como parte del Programa de Mantenimiento de \u00c1reas Verdes y Camellones, el Ayuntamiento de Cuernavaca, a trav\u00e9s del \u00e1rea de Parques y Jardines de la Secretar\u00eda de Desarrollo Sustentable y Servicios P\u00fablicos, realiza acciones integrales de embellecimiento y colocaci\u00f3n de flores de nochebuena en distintos espacios p\u00fablicos de la ciudad.<\/p>\n\n\n\n<p>Estos espacios durante la administraci\u00f3n que encabeza el alcalde Jos\u00e9 Luis Uri\u00f3stegui Salgado, han sido una prioridad a fin de continuar con el trabajo de recuperaci\u00f3n de los microclimas por el que es reconocida la ciudad de Cuernavaca, por lo que se han plantado diversos ejemplares de \u00e1rboles y plantas, que adem\u00e1s brindan numerosos servicios ambientales.<\/p>\n\n\n\n<p>Esto es, que los camellones, jardineras y glorietas que est\u00e1n siendo intervenidas por el Ayuntamiento de Cuernavaca, empresas y particulares a trav\u00e9s de programas como el de \u201cAdopci\u00f3n de Espacios P\u00fablicos\u201d, las especies plantas y flores no solo sean un adorno, sino que tengan una funci\u00f3n ambiental ante los impactos de la contaminaci\u00f3n urbana.<\/p>\n","protected":false},"excerpt":{"rendered":"<p>Como parte del Programa de Mantenimiento de \u00c1reas Verdes y Camellones, el Ayuntamiento de Cuernavaca, a trav\u00e9s del \u00e1rea de Parques y Jardines de la Secretar\u00eda de Desarrollo Sustentable y Servicios P\u00fablicos, realiza acciones integrales de embellecimiento y colocaci\u00f3n de flores de nochebuena en distintos espacios p\u00fablicos de la ciudad. Estos espacios durante la administraci\u00f3n [&hellip;]<\/p>\n","protected":false},"author":3,"featured_media":513,"comment_status":"open","ping_status":"open","sticky":false,"template":"","format":"standard","meta":{"_jetpack_memberships_contains_paid_content":false,"footnotes":""},"categories":[5],"tags":[],"class_list":["post-512","post","type-post","status-publish","format-standard","has-post-thumbnail","hentry","category-morelos"],"jetpack_featured_media_url":"http:\/\/apdnoticias.com\/wp-content\/uploads\/2024\/12\/07EAB826-E78D-473E-945D-1CE8E96C310E.jpeg","jetpack_sharing_enabled":true,"_links":{"self":[{"href":"http:\/\/apdnoticias.com\/index.php?rest_route=\/wp\/v2\/posts\/512","targetHints":{"allow":["GET"]}}],"collection":[{"href":"http:\/\/apdnoticias.com\/index.php?rest_route=\/wp\/v2\/posts"}],"about":[{"href":"http:\/\/apdnoticias.com\/index.php?rest_route=\/wp\/v2\/types\/post"}],"author":[{"embeddable":true,"href":"http:\/\/apdnoticias.com\/index.php?rest_route=\/wp\/v2\/users\/3"}],"replies":[{"embeddable":true,"href":"http:\/\/apdnoticias.com\/index.php?rest_route=%2Fwp%2Fv2%2Fcomments&post=512"}],"version-history":[{"count":1,"href":"http:\/\/apdnoticias.com\/index.php?rest_route=\/wp\/v2\/posts\/512\/revisions"}],"predecessor-version":[{"id":514,"href":"http:\/\/apdnoticias.com\/index.php?rest_route=\/wp\/v2\/posts\/512\/revisions\/514"}],"wp:featuredmedia":[{"embeddable":true,"href":"http:\/\/apdnoticias.com\/index.php?rest_route=\/wp\/v2\/media\/513"}],"wp:attachment":[{"href":"http:\/\/apdnoticias.com\/index.php?rest_route=%2Fwp%2Fv2%2Fmedia&parent=512"}],"wp:term":[{"taxonomy":"category","embeddable":true,"href":"http:\/\/apdnoticias.com\/index.php?rest_route=%2Fwp%2Fv2%2Fcategories&post=512"},{"taxonomy":"post_tag","embeddable":true,"href":"http:\/\/apdnoticias.com\/index.php?rest_route=%2Fwp%2Fv2%2Ftags&post=512"}],"curies":[{"name":"wp","href":"https:\/\/api.w.org\/{rel}","templated":true}]}}