{"id":545,"date":"2024-12-13T00:04:13","date_gmt":"2024-12-13T00:04:13","guid":{"rendered":"http:\/\/apdnoticias.com\/?p=545"},"modified":"2024-12-13T00:04:13","modified_gmt":"2024-12-13T00:04:13","slug":"en-tres-anos-de-gobierno-cuernavaca-recupera-su-posicion-en-el-mapa-turistico-nacional-e-internacional","status":"publish","type":"post","link":"http:\/\/apdnoticias.com\/?p=545","title":{"rendered":"En tres a\u00f1os de gobierno Cuernavaca recupera su posici\u00f3n en el mapa tur\u00edstico naci\u00f3nal e internacional"},"content":{"rendered":"\n<p>El Ayuntamiento de Cuernavaca ha priorizado el mejoramiento de la infraestructura tur\u00edstica, promover el bienestar comunitario y la atracci\u00f3n inversiones al sector<\/p>\n\n\n\n<p>La administraci\u00f3n 2022- 2024 encabezada por el presidente municipal de Cuernavaca, Jos\u00e9 Luis Uri\u00f3stegui Salgado, el Ayuntamiento ha enfocado esfuerzos significativos en fortalecer al turismo a trav\u00e9s del mejoramiento de la infraestructura tur\u00edstica, de promover el bienestar comunitario y de atraer inversiones al sector, siendo una de las ramas productivas principales que en los \u00faltimos tres a\u00f1os ha reposicionado a la ciudad en el mapa tur\u00edstico mundial.<\/p>\n\n\n\n<p>En esta administraci\u00f3n, como parte del trabajo para recuperar el esplendor y preservar la historia de Cuernavaca, en acuerdo con el Cabildo, el INAH Morelos y la Universidad Aut\u00f3noma del Estado de Morelos, se firmaron las bases de Colaboraci\u00f3n para llevar a cabo de manera conjunta las acciones que permitan una prospecci\u00f3n-estudio para integrar el expediente t\u00e9cnico que permita gestionar el reconocimiento del Gobierno de la Rep\u00fablica de la Declaratoria de la Zona de Monumentos.<\/p>\n\n\n\n<p>El objetivo cumplido de rescatar los sitios emblem\u00e1ticos de la ciudad, se llev\u00f3 a cabo la Remodelaci\u00f3n de la Glorieta de la Identidad en la Avenida Emiliano Zapata, pueblo de Tlaltenango, glorieta en la que est\u00e1n identifica a todas y todos, no solo porque integra la toponimia de los 12 pueblos y la de Cuauhn\u00e1huac, sino porque es una obra que representa nuestra historia, nuestras ra\u00edces, nuestros usos y costumbres.<\/p>\n\n\n\n<p>Otra glorieta representativa de Cuernavaca que se intervino tras varios a\u00f1os de abandono, es la Glorieta que alberga la obra La Paloma de la Paz del entra\u00f1able Maestro V\u00edctor Manuel Contreras, que de nueva cuenta tiene funcionando su fuente, y con mantenimiento en su jard\u00edn y una iluminaci\u00f3n que permite disfrutarla en todo su esplendor.<\/p>\n\n\n\n<p>Entre las acciones que ha encabezado la Secretar\u00eda de Desarrollo Econ\u00f3mico y Turismo para explotar la belleza y autenticidad de la Eterna Primavera, se destacan la recuperaci\u00f3n de los espacios p\u00fablicos y de convivencia comunitaria como la calle Agust\u00edn G\u00fcemes en el Centro Hist\u00f3rico que se ha transformado en una galer\u00eda de arte al aire libre creando con el apoyo de artistas locales murales art\u00edsticos que han embellecido esta principal arteria que cobija sitios hist\u00f3ricos, restaurando las fuentes y mejorando la iluminaci\u00f3n, lo cual ha atra\u00eddo la mirada de turistas y residentes.<\/p>\n\n\n\n<p>Con el apoyo de patrocinadores, se restaur\u00f3 y pinto el Parque de la Madre y el Parque Porfirio que fue rescatado en su totalidad a trav\u00e9s de la suma de esfuerzos con la Secretar\u00eda de Desarrollo Sustentable y Servicios P\u00fablicos.<\/p>\n\n\n\n<p>Otro rubro fundamental en materia tur\u00edstica es la tradicional Feria de la Flor que la presente administraci\u00f3n ha retomado como un escaparate para los sistemas producto de la ciudad, artesanos, empresarios y artistas; as\u00ed como tambi\u00e9n las callejoneadas que durante este periodo rescataron efectuando m\u00e1s de 20 en los diferentes pueblos, barrios, colonias y en el primer cuadro de la ciudad con la participaci\u00f3n de m\u00e1s de 15 tunas y estudiantinas.<\/p>\n\n\n\n<p>Cada una de estas actividades han abonado al renacer del turismo en Cuernavaca, incrementando en el periodo 2022- 2024 la ocupaci\u00f3n hotelera en un 11 por ciento, ofreciendo tambi\u00e9n apoyo para impulsar y rescatar la identidad, folklor, tradiciones, festejos seguros y dignos en los pueblos, ejidos, barrios y colonias del municipio, beneficiando a m\u00e1s de 50 mil personas.<\/p>\n\n\n\n<p>Una de las principales iniciativas ha sido el Festival Cultural de Verano, un evento destacado que ha marcado un hito en la promoci\u00f3n cultural local, con m\u00e1s de 40 eventos, talleres y conferencias, distribuidos en 15 sedes diferentes, desde plazas y parques hasta edificios hist\u00f3ricos, qued\u00e1ndose como un referente para las familias de Cuernavaca, visitantes nacionales y extranjeros para disfrutar en nuestra ciudad el verano.<\/p>\n\n\n\n<p>Se logr\u00f3 la sustituci\u00f3n de la velar\u00eda que cubre el patio del Museo de la Ciudad, estructura que no hab\u00eda sido rehabilitada desde su colocaci\u00f3n hace m\u00e1s de una d\u00e9cada, as\u00ed como la intervenci\u00f3n de la fachada, de un recinto que se ha convertido en un referente de las actividades oficiales, c\u00edvicas, acad\u00e9micas, culturales y art\u00edsticas de relevancia en la capital del estado de Morelos.<\/p>\n\n\n\n<p>Como parte del esfuerzo para impulsar el desarrollo tur\u00edstico y fortalecer lazos internacionales, se reactivaron el Consejo Consultivo de Turismo y el Consejo de Ciudades Hermanas de Cuernavaca, mediante el cual se lograron intercambios culturales y la realizaci\u00f3n de proyectos en beneficio de la comunidad.<\/p>\n","protected":false},"excerpt":{"rendered":"<p>El Ayuntamiento de Cuernavaca ha priorizado el mejoramiento de la infraestructura tur\u00edstica, promover el bienestar comunitario y la atracci\u00f3n inversiones al sector La administraci\u00f3n 2022- 2024 encabezada por el presidente municipal de Cuernavaca, Jos\u00e9 Luis Uri\u00f3stegui Salgado, el Ayuntamiento ha enfocado esfuerzos significativos en fortalecer al turismo a trav\u00e9s del mejoramiento de la infraestructura tur\u00edstica, [&hellip;]<\/p>\n","protected":false},"author":3,"featured_media":546,"comment_status":"open","ping_status":"open","sticky":false,"template":"","format":"standard","meta":{"_jetpack_memberships_contains_paid_content":false,"footnotes":""},"categories":[5],"tags":[],"class_list":["post-545","post","type-post","status-publish","format-standard","has-post-thumbnail","hentry","category-morelos"],"jetpack_featured_media_url":"http:\/\/apdnoticias.com\/wp-content\/uploads\/2024\/12\/BB03A9E8-565C-4292-8D2A-C473E01066C6.jpeg","jetpack_sharing_enabled":true,"_links":{"self":[{"href":"http:\/\/apdnoticias.com\/index.php?rest_route=\/wp\/v2\/posts\/545","targetHints":{"allow":["GET"]}}],"collection":[{"href":"http:\/\/apdnoticias.com\/index.php?rest_route=\/wp\/v2\/posts"}],"about":[{"href":"http:\/\/apdnoticias.com\/index.php?rest_route=\/wp\/v2\/types\/post"}],"author":[{"embeddable":true,"href":"http:\/\/apdnoticias.com\/index.php?rest_route=\/wp\/v2\/users\/3"}],"replies":[{"embeddable":true,"href":"http:\/\/apdnoticias.com\/index.php?rest_route=%2Fwp%2Fv2%2Fcomments&post=545"}],"version-history":[{"count":1,"href":"http:\/\/apdnoticias.com\/index.php?rest_route=\/wp\/v2\/posts\/545\/revisions"}],"predecessor-version":[{"id":547,"href":"http:\/\/apdnoticias.com\/index.php?rest_route=\/wp\/v2\/posts\/545\/revisions\/547"}],"wp:featuredmedia":[{"embeddable":true,"href":"http:\/\/apdnoticias.com\/index.php?rest_route=\/wp\/v2\/media\/546"}],"wp:attachment":[{"href":"http:\/\/apdnoticias.com\/index.php?rest_route=%2Fwp%2Fv2%2Fmedia&parent=545"}],"wp:term":[{"taxonomy":"category","embeddable":true,"href":"http:\/\/apdnoticias.com\/index.php?rest_route=%2Fwp%2Fv2%2Fcategories&post=545"},{"taxonomy":"post_tag","embeddable":true,"href":"http:\/\/apdnoticias.com\/index.php?rest_route=%2Fwp%2Fv2%2Ftags&post=545"}],"curies":[{"name":"wp","href":"https:\/\/api.w.org\/{rel}","templated":true}]}}