{"id":100,"date":"2024-08-14T05:30:34","date_gmt":"2024-08-14T05:30:34","guid":{"rendered":"http:\/\/apdnoticias.com\/?p=100"},"modified":"2024-08-14T05:30:34","modified_gmt":"2024-08-14T05:30:34","slug":"invita-jose-luis-uriostegui-a-retomar-el-habito-de-lectura-al-disponer-de-un-librero-comunitario","status":"publish","type":"post","link":"https:\/\/apdnoticias.com\/?p=100","title":{"rendered":"Invita Jos\u00e9 Luis Uri\u00f3stegui a retomar el h\u00e1bito de lectura al disponer de un librero comunitario"},"content":{"rendered":"\n<p>Para fomentar el h\u00e1bito de la lectura como una actividad de distracci\u00f3n y de adquisici\u00f3n de conocimientos, el presidente municipal, Jos\u00e9 Luis Uri\u00f3stegui Salgado, inaugur\u00f3 este martes un librero comunitario en la sede Papagayo del Ayuntamiento de Cuernavaca donde la ciudadan\u00eda puede acceder a libros totalmente gratuitos e intercambiar aquellos ejemplares que est\u00e9n en desuso, para seguir siendo herramientas de entretenimiento, conocimiento y formaci\u00f3n intelectual para todas y todos. <br><br>Jos\u00e9 Luis Uri\u00f3stegui agradeci\u00f3 la donaci\u00f3n hecha por distintas personas que dio como resultado la apertura de este espacio para el disfrute de chicos y grandes, en el cual se puede encontrar una gran variedad de libros sobre temas acad\u00e9micos, de investigaci\u00f3n, cultura y filosof\u00eda, as\u00ed como de g\u00e9neros literarios, novelas, entre otros, enciclopedias y hasta ediciones en ingl\u00e9s. <br><br>La din\u00e1mica es que pueden llevarse el libro que deseen o simplemente leerlo en el Ayuntamiento mientras esperan a realizar alg\u00fan tr\u00e1mite y en su caso, intercambiar y donar libros para el disfrute de otras personas que son recibidos por el municipio. <br><br>En el acto inaugural, Jos\u00e9 Luis Uri\u00f3stegui hizo entrega de los primeros libros a representantes de los sindicatos del Ayuntamiento, a quienes conmin\u00f3 a transmitir esta convocatoria a sus agremiados, familiares y conocidos, al ser el conocimiento un derecho que todos deben aprovechar.<\/p>\n","protected":false},"excerpt":{"rendered":"<p>Para fomentar el h\u00e1bito de la lectura como una actividad de distracci\u00f3n y de adquisici\u00f3n de conocimientos, el presidente municipal, Jos\u00e9 Luis Uri\u00f3stegui Salgado, inaugur\u00f3 este martes un librero comunitario en la sede Papagayo del Ayuntamiento de Cuernavaca donde la ciudadan\u00eda puede acceder a libros totalmente gratuitos e intercambiar aquellos ejemplares que est\u00e9n en desuso, [&hellip;]<\/p>\n","protected":false},"author":3,"featured_media":101,"comment_status":"open","ping_status":"open","sticky":false,"template":"","format":"standard","meta":{"_jetpack_memberships_contains_paid_content":false,"footnotes":""},"categories":[5],"tags":[],"class_list":["post-100","post","type-post","status-publish","format-standard","has-post-thumbnail","hentry","category-morelos"],"jetpack_featured_media_url":"https:\/\/apdnoticias.com\/wp-content\/uploads\/2024\/08\/IMG_5439.jpeg","jetpack_sharing_enabled":true,"_links":{"self":[{"href":"https:\/\/apdnoticias.com\/index.php?rest_route=\/wp\/v2\/posts\/100","targetHints":{"allow":["GET"]}}],"collection":[{"href":"https:\/\/apdnoticias.com\/index.php?rest_route=\/wp\/v2\/posts"}],"about":[{"href":"https:\/\/apdnoticias.com\/index.php?rest_route=\/wp\/v2\/types\/post"}],"author":[{"embeddable":true,"href":"https:\/\/apdnoticias.com\/index.php?rest_route=\/wp\/v2\/users\/3"}],"replies":[{"embeddable":true,"href":"https:\/\/apdnoticias.com\/index.php?rest_route=%2Fwp%2Fv2%2Fcomments&post=100"}],"version-history":[{"count":1,"href":"https:\/\/apdnoticias.com\/index.php?rest_route=\/wp\/v2\/posts\/100\/revisions"}],"predecessor-version":[{"id":103,"href":"https:\/\/apdnoticias.com\/index.php?rest_route=\/wp\/v2\/posts\/100\/revisions\/103"}],"wp:featuredmedia":[{"embeddable":true,"href":"https:\/\/apdnoticias.com\/index.php?rest_route=\/wp\/v2\/media\/101"}],"wp:attachment":[{"href":"https:\/\/apdnoticias.com\/index.php?rest_route=%2Fwp%2Fv2%2Fmedia&parent=100"}],"wp:term":[{"taxonomy":"category","embeddable":true,"href":"https:\/\/apdnoticias.com\/index.php?rest_route=%2Fwp%2Fv2%2Fcategories&post=100"},{"taxonomy":"post_tag","embeddable":true,"href":"https:\/\/apdnoticias.com\/index.php?rest_route=%2Fwp%2Fv2%2Ftags&post=100"}],"curies":[{"name":"wp","href":"https:\/\/api.w.org\/{rel}","templated":true}]}}