{"id":1112,"date":"2025-05-13T19:21:12","date_gmt":"2025-05-13T19:21:12","guid":{"rendered":"https:\/\/apdnoticias.com\/?p=1112"},"modified":"2025-05-13T19:21:12","modified_gmt":"2025-05-13T19:21:12","slug":"designan-a-hector-miguel-ortiz-como-nuevo-fiscal-de-feminicidios-en-morelos","status":"publish","type":"post","link":"https:\/\/apdnoticias.com\/?p=1112","title":{"rendered":"Designan a H\u00e9ctor Miguel Ort\u00edz como nuevo Fiscal de Feminicidios en Morelos"},"content":{"rendered":"\n<p><\/p>\n\n\n\n<p><strong>CUERNAVACA, MOR.-<\/strong>&nbsp;H\u00e9ctor Miguel Ort\u00edz Acosta fue nombrado este martes como nuevo titular de la Fiscal\u00eda Especializada en Investigaci\u00f3n y Persecuci\u00f3n del Delito de Feminicidio de la Fiscal\u00eda General del Estado de Morelos.<\/p>\n\n\n\n<p>El fiscal general Edgar Maldonado Cevallos destac\u00f3 la trayectoria de Ort\u00edz Acosta, quien ha demostrado solvencia profesional en la investigaci\u00f3n de delitos de alto impacto, especialmente feminicidios. Fue \u00e9l quien integr\u00f3 la carpeta por encubrimiento contra el entonces fiscal estatal, Uriel Carmona, quien fue encarcelado en agosto de 2023 por el caso de Ariadna \u00abN\u00bb.<\/p>\n\n\n\n<p>Durante su nombramiento, Maldonado instruy\u00f3 al nuevo fiscal a intensificar las acciones contra el feminicidio y a trabajar para garantizar que mujeres, adolescentes y ni\u00f1as vivan libres de violencia, seg\u00fan un comunicado oficial.<\/p>\n\n\n\n<p>Ort\u00edz Acosta es licenciado en Derecho por la Universidad Aut\u00f3noma Metropolitana (UAM) y cuenta con estudios de maestr\u00eda en Criminal\u00edstica, as\u00ed como una especialidad en Juicios Orales en el Sistema Penal Acusatorio, cursada en el Instituto Nacional de Ciencias Penales (INACIPE).<\/p>\n\n\n\n<p>Ha desempe\u00f1ado diversos cargos en la administraci\u00f3n de justicia, entre ellos como oficial secretario en la Subprocuradur\u00eda de Investigaci\u00f3n Especializada en Delincuencia Organizada (SIEDO, hoy FEMDO), y como agente del Ministerio P\u00fablico en la Fiscal\u00eda de Homicidios del Valle de Toluca, en el Estado de M\u00e9xico.<\/p>\n\n\n\n<p>En 2020 se incorpor\u00f3 a la Fiscal\u00eda de Feminicidios de la Ciudad de M\u00e9xico, donde lider\u00f3 investigaciones de alto perfil, incluyendo el caso de Ariadna \u201cN\u201d. Tambi\u00e9n particip\u00f3 en mesas de trabajo para reformar el tipo penal de feminicidio y proponer la tipificaci\u00f3n del transfeminicidio en el C\u00f3digo Penal del entonces Distrito Federal. Adem\u00e1s, colabor\u00f3 en la elaboraci\u00f3n del nuevo Protocolo de Investigaci\u00f3n Ministerial, Policial y Pericial para los delitos de Feminicidio y Transfeminicidio en la capital del pa\u00eds.<\/p>\n","protected":false},"excerpt":{"rendered":"<p>CUERNAVACA, MOR.-&nbsp;H\u00e9ctor Miguel Ort\u00edz Acosta fue nombrado este martes como nuevo titular de la Fiscal\u00eda Especializada en Investigaci\u00f3n y Persecuci\u00f3n del Delito de Feminicidio de la Fiscal\u00eda General del Estado de Morelos. El fiscal general Edgar Maldonado Cevallos destac\u00f3 la trayectoria de Ort\u00edz Acosta, quien ha demostrado solvencia profesional en la investigaci\u00f3n de delitos de [&hellip;]<\/p>\n","protected":false},"author":3,"featured_media":1113,"comment_status":"open","ping_status":"open","sticky":false,"template":"","format":"standard","meta":{"_jetpack_memberships_contains_paid_content":false,"footnotes":""},"categories":[5],"tags":[],"class_list":["post-1112","post","type-post","status-publish","format-standard","has-post-thumbnail","hentry","category-morelos"],"jetpack_featured_media_url":"https:\/\/apdnoticias.com\/wp-content\/uploads\/2025\/05\/7b79e2a5-a53b-4a6b-b00e-0383d4746206.jpeg","jetpack_sharing_enabled":true,"_links":{"self":[{"href":"https:\/\/apdnoticias.com\/index.php?rest_route=\/wp\/v2\/posts\/1112","targetHints":{"allow":["GET"]}}],"collection":[{"href":"https:\/\/apdnoticias.com\/index.php?rest_route=\/wp\/v2\/posts"}],"about":[{"href":"https:\/\/apdnoticias.com\/index.php?rest_route=\/wp\/v2\/types\/post"}],"author":[{"embeddable":true,"href":"https:\/\/apdnoticias.com\/index.php?rest_route=\/wp\/v2\/users\/3"}],"replies":[{"embeddable":true,"href":"https:\/\/apdnoticias.com\/index.php?rest_route=%2Fwp%2Fv2%2Fcomments&post=1112"}],"version-history":[{"count":1,"href":"https:\/\/apdnoticias.com\/index.php?rest_route=\/wp\/v2\/posts\/1112\/revisions"}],"predecessor-version":[{"id":1114,"href":"https:\/\/apdnoticias.com\/index.php?rest_route=\/wp\/v2\/posts\/1112\/revisions\/1114"}],"wp:featuredmedia":[{"embeddable":true,"href":"https:\/\/apdnoticias.com\/index.php?rest_route=\/wp\/v2\/media\/1113"}],"wp:attachment":[{"href":"https:\/\/apdnoticias.com\/index.php?rest_route=%2Fwp%2Fv2%2Fmedia&parent=1112"}],"wp:term":[{"taxonomy":"category","embeddable":true,"href":"https:\/\/apdnoticias.com\/index.php?rest_route=%2Fwp%2Fv2%2Fcategories&post=1112"},{"taxonomy":"post_tag","embeddable":true,"href":"https:\/\/apdnoticias.com\/index.php?rest_route=%2Fwp%2Fv2%2Ftags&post=1112"}],"curies":[{"name":"wp","href":"https:\/\/api.w.org\/{rel}","templated":true}]}}