{"id":1130,"date":"2025-05-21T19:03:06","date_gmt":"2025-05-21T19:03:06","guid":{"rendered":"https:\/\/apdnoticias.com\/?p=1130"},"modified":"2025-05-21T19:03:06","modified_gmt":"2025-05-21T19:03:06","slug":"cuauhtemoc-blanco-niega-haber-incumplido-con-declaracion-patrimonial-final","status":"publish","type":"post","link":"https:\/\/apdnoticias.com\/?p=1130","title":{"rendered":"Cuauht\u00e9moc Blanco niega haber incumplido con declaraci\u00f3n patrimonial final"},"content":{"rendered":"\n<p><\/p>\n\n\n\n<p><strong>CUERNAVACA, MOR.-<\/strong>&nbsp;Cuauht\u00e9moc Blanco Bravo, exgobernador de Morelos y actual diputado federal por Morena, rechaz\u00f3 las acusaciones del organismo civil&nbsp;<em>Morelos Rinde Cuentas<\/em>, que lo se\u00f1alan por no haber presentado su declaraci\u00f3n patrimonial de conclusi\u00f3n de mandato.<\/p>\n\n\n\n<p>A trav\u00e9s de un comunicado difundido en sus redes sociales, Blanco asegur\u00f3 haber cumplido en tiempo y forma con esta obligaci\u00f3n legal tras finalizar su gesti\u00f3n como titular del Poder Ejecutivo estatal.<\/p>\n\n\n\n<p>\u00abComo lo he hecho desde el inicio de mi vida p\u00fablica, seguir\u00e9 cumpliendo con la ley y rindiendo cuentas de frente a la ciudadan\u00eda. No me voy a distraer por quienes intentan construir una narrativa con fines pol\u00edticos\u00bb, se\u00f1al\u00f3 el exfutbolista en su posicionamiento.<\/p>\n\n\n\n<p>Blanco concluy\u00f3 oficialmente su administraci\u00f3n como gobernador en septiembre de 2024, aunque deleg\u00f3 el cargo a un mandatario interino en agosto, tras obtener una curul como diputado federal.<\/p>\n\n\n\n<p>Esta semana, el presidente de&nbsp;<em>Morelos Rinde Cuentas<\/em>, Roberto Salinas, declar\u00f3 que el exmandatario est\u00e1 siendo investigado por no haber presentado su declaraci\u00f3n patrimonial final. \u201cRevisamos las declaraciones patrimoniales y no encontramos la correspondiente a su conclusi\u00f3n del cargo. Consultamos a la Contralor\u00eda y confirmamos la ausencia\u201d, indic\u00f3.<\/p>\n\n\n\n<p>En respuesta, Blanco lament\u00f3 la difusi\u00f3n de lo que calific\u00f3 como informaci\u00f3n falsa. \u201cLamento que algunos medios y actores pol\u00edticos est\u00e9n difundiendo datos sin sustento, con el objetivo de confundir a la opini\u00f3n p\u00fablica y desprestigiarme. Estas versiones responden a intereses alejados de mi compromiso con la rendici\u00f3n de cuentas y la transparencia\u201d, concluy\u00f3.<\/p>\n","protected":false},"excerpt":{"rendered":"<p>CUERNAVACA, MOR.-&nbsp;Cuauht\u00e9moc Blanco Bravo, exgobernador de Morelos y actual diputado federal por Morena, rechaz\u00f3 las acusaciones del organismo civil&nbsp;Morelos Rinde Cuentas, que lo se\u00f1alan por no haber presentado su declaraci\u00f3n patrimonial de conclusi\u00f3n de mandato. A trav\u00e9s de un comunicado difundido en sus redes sociales, Blanco asegur\u00f3 haber cumplido en tiempo y forma con esta [&hellip;]<\/p>\n","protected":false},"author":3,"featured_media":1132,"comment_status":"open","ping_status":"open","sticky":false,"template":"","format":"standard","meta":{"_jetpack_memberships_contains_paid_content":false,"footnotes":""},"categories":[5],"tags":[],"class_list":["post-1130","post","type-post","status-publish","format-standard","has-post-thumbnail","hentry","category-morelos"],"jetpack_featured_media_url":"https:\/\/apdnoticias.com\/wp-content\/uploads\/2025\/05\/f9dac738-d153-4b4e-a81f-4e744506ca1c.jpeg","jetpack_sharing_enabled":true,"_links":{"self":[{"href":"https:\/\/apdnoticias.com\/index.php?rest_route=\/wp\/v2\/posts\/1130","targetHints":{"allow":["GET"]}}],"collection":[{"href":"https:\/\/apdnoticias.com\/index.php?rest_route=\/wp\/v2\/posts"}],"about":[{"href":"https:\/\/apdnoticias.com\/index.php?rest_route=\/wp\/v2\/types\/post"}],"author":[{"embeddable":true,"href":"https:\/\/apdnoticias.com\/index.php?rest_route=\/wp\/v2\/users\/3"}],"replies":[{"embeddable":true,"href":"https:\/\/apdnoticias.com\/index.php?rest_route=%2Fwp%2Fv2%2Fcomments&post=1130"}],"version-history":[{"count":1,"href":"https:\/\/apdnoticias.com\/index.php?rest_route=\/wp\/v2\/posts\/1130\/revisions"}],"predecessor-version":[{"id":1133,"href":"https:\/\/apdnoticias.com\/index.php?rest_route=\/wp\/v2\/posts\/1130\/revisions\/1133"}],"wp:featuredmedia":[{"embeddable":true,"href":"https:\/\/apdnoticias.com\/index.php?rest_route=\/wp\/v2\/media\/1132"}],"wp:attachment":[{"href":"https:\/\/apdnoticias.com\/index.php?rest_route=%2Fwp%2Fv2%2Fmedia&parent=1130"}],"wp:term":[{"taxonomy":"category","embeddable":true,"href":"https:\/\/apdnoticias.com\/index.php?rest_route=%2Fwp%2Fv2%2Fcategories&post=1130"},{"taxonomy":"post_tag","embeddable":true,"href":"https:\/\/apdnoticias.com\/index.php?rest_route=%2Fwp%2Fv2%2Ftags&post=1130"}],"curies":[{"name":"wp","href":"https:\/\/api.w.org\/{rel}","templated":true}]}}