{"id":1178,"date":"2025-05-29T03:51:48","date_gmt":"2025-05-29T03:51:48","guid":{"rendered":"https:\/\/apdnoticias.com\/?p=1178"},"modified":"2025-05-29T03:51:48","modified_gmt":"2025-05-29T03:51:48","slug":"cuernavaca-abre-su-c4-para-apoyar-investigacion-del-asesinato-de-abogada","status":"publish","type":"post","link":"https:\/\/apdnoticias.com\/?p=1178","title":{"rendered":"Cuernavaca abre su C4 para apoyar investigaci\u00f3n del asesinato de abogada"},"content":{"rendered":"\n<p><\/p>\n\n\n\n<p><strong>CUERNAVACA, MOR.-<\/strong> La Secretar\u00eda de Protecci\u00f3n y Auxilio Ciudadano (Seprac) del municipio de Cuernavaca autoriz\u00f3 a las autoridades estatales el acceso a sus c\u00e1maras de videovigilancia con el objetivo de reforzar las investigaciones en torno al homicidio de la abogada Sarah Olivia Rend\u00f3n Parra, hija de Sara Olivia Parra T\u00e9llez, titular del Centro de Justicia para las Mujeres (CJM) de la Fiscal\u00eda General del Estado.<\/p>\n\n\n\n<p>El asesinato ocurri\u00f3 la noche del martes en la capital morelense. Seg\u00fan inform\u00f3 Guillermo Garc\u00eda Delgado, titular de la Seprac, tanto la Secretar\u00eda de Seguridad P\u00fablica (SSP) como la Fiscal\u00eda General del Estado (FGE) ya colaboran activamente con el municipio desde su propio C4 para avanzar con mayor rapidez en las indagatorias. El principal m\u00f3vil que se investiga hasta ahora es el intento de robo de la camioneta de la v\u00edctima.<\/p>\n\n\n\n<p>\u201cTenemos videos de nuestras c\u00e1maras de vigilancia, los cuales ya est\u00e1n siendo analizados en coordinaci\u00f3n con el C5 estatal. Nos solicitaron acceso a nuestras grabaciones y estamos proporcionando toda la informaci\u00f3n disponible. Las autoridades estar\u00e1n trabajando directamente en nuestro C4 para reconstruir la cadena de hechos\u201d, indic\u00f3 Garc\u00eda Delgado.<\/p>\n\n\n\n<p>El funcionario detall\u00f3 que, como primeros respondientes en el lugar, pudieron confirmar que los agresores realizaron \u00fanicamente dos disparos, lo que reforzar\u00eda la hip\u00f3tesis de un intento de robo, descartando un ataque directo como se manej\u00f3 inicialmente.<\/p>\n\n\n\n<p>\u201cSe nos report\u00f3 un intento de asalto. Al acudir al lugar, se encontraron \u00fanicamente dos casquillos bal\u00edsticos. En ese momento no sab\u00edamos qui\u00e9n era la v\u00edctima. Solo se ten\u00eda informaci\u00f3n preliminar de que intentaron robarle el veh\u00edculo y as\u00ed sucedieron estos hechos tan lamentables\u201d, explic\u00f3.<\/p>\n\n\n\n<p><strong>\u00abNos est\u00e1n pegando las bandas\u00bb<\/strong><\/p>\n\n\n\n<p>Garc\u00eda Delgado tambi\u00e9n reconoci\u00f3 que este tipo de delitos no son aislados en la zona, y admiti\u00f3 que los grupos delictivos dedicados al robo de veh\u00edculos han incrementado su actividad en la regi\u00f3n. \u201cNos est\u00e1n pegando las bandas\u201d, concluy\u00f3.<\/p>\n\n\n\n<p><\/p>\n","protected":false},"excerpt":{"rendered":"<p>CUERNAVACA, MOR.- La Secretar\u00eda de Protecci\u00f3n y Auxilio Ciudadano (Seprac) del municipio de Cuernavaca autoriz\u00f3 a las autoridades estatales el acceso a sus c\u00e1maras de videovigilancia con el objetivo de reforzar las investigaciones en torno al homicidio de la abogada Sarah Olivia Rend\u00f3n Parra, hija de Sara Olivia Parra T\u00e9llez, titular del Centro de Justicia [&hellip;]<\/p>\n","protected":false},"author":3,"featured_media":1179,"comment_status":"open","ping_status":"open","sticky":false,"template":"","format":"standard","meta":{"_jetpack_memberships_contains_paid_content":false,"footnotes":""},"categories":[13],"tags":[],"class_list":["post-1178","post","type-post","status-publish","format-standard","has-post-thumbnail","hentry","category-local"],"jetpack_featured_media_url":"https:\/\/apdnoticias.com\/wp-content\/uploads\/2025\/05\/486622310_1085947626901538_8743609310089250592_n.jpg","jetpack_sharing_enabled":true,"_links":{"self":[{"href":"https:\/\/apdnoticias.com\/index.php?rest_route=\/wp\/v2\/posts\/1178","targetHints":{"allow":["GET"]}}],"collection":[{"href":"https:\/\/apdnoticias.com\/index.php?rest_route=\/wp\/v2\/posts"}],"about":[{"href":"https:\/\/apdnoticias.com\/index.php?rest_route=\/wp\/v2\/types\/post"}],"author":[{"embeddable":true,"href":"https:\/\/apdnoticias.com\/index.php?rest_route=\/wp\/v2\/users\/3"}],"replies":[{"embeddable":true,"href":"https:\/\/apdnoticias.com\/index.php?rest_route=%2Fwp%2Fv2%2Fcomments&post=1178"}],"version-history":[{"count":1,"href":"https:\/\/apdnoticias.com\/index.php?rest_route=\/wp\/v2\/posts\/1178\/revisions"}],"predecessor-version":[{"id":1180,"href":"https:\/\/apdnoticias.com\/index.php?rest_route=\/wp\/v2\/posts\/1178\/revisions\/1180"}],"wp:featuredmedia":[{"embeddable":true,"href":"https:\/\/apdnoticias.com\/index.php?rest_route=\/wp\/v2\/media\/1179"}],"wp:attachment":[{"href":"https:\/\/apdnoticias.com\/index.php?rest_route=%2Fwp%2Fv2%2Fmedia&parent=1178"}],"wp:term":[{"taxonomy":"category","embeddable":true,"href":"https:\/\/apdnoticias.com\/index.php?rest_route=%2Fwp%2Fv2%2Fcategories&post=1178"},{"taxonomy":"post_tag","embeddable":true,"href":"https:\/\/apdnoticias.com\/index.php?rest_route=%2Fwp%2Fv2%2Ftags&post=1178"}],"curies":[{"name":"wp","href":"https:\/\/api.w.org\/{rel}","templated":true}]}}