{"id":1181,"date":"2025-05-29T03:54:59","date_gmt":"2025-05-29T03:54:59","guid":{"rendered":"https:\/\/apdnoticias.com\/?p=1181"},"modified":"2025-05-29T03:54:59","modified_gmt":"2025-05-29T03:54:59","slug":"fiscalia-agotara-todas-las-lineas-de-investigacion-en-el-caso-del-homicidio-de-sarah-rendon","status":"publish","type":"post","link":"https:\/\/apdnoticias.com\/?p=1181","title":{"rendered":"Fiscal\u00eda agotar\u00e1 todas las l\u00edneas de investigaci\u00f3n en el caso del homicidio de Sarah Rend\u00f3n"},"content":{"rendered":"\n<p><strong>CUERNAVACA, MOR.-<\/strong> La Fiscal\u00eda General del Estado (FGE) asegur\u00f3 que se agotar\u00e1n todas las l\u00edneas de investigaci\u00f3n para esclarecer el homicidio de Sarah Rend\u00f3n Parra, hija de Sara Olivia Parra T\u00e9llez, directora del Centro de Justicia para Mujeres (CJM).<\/p>\n\n\n\n<p>El fiscal estatal, Edgar Maldonado Cevallos, afirm\u00f3 que tras el ataque ocurrido la noche del martes, se han comenzado a integrar todos los elementos necesarios para una investigaci\u00f3n s\u00f3lida y basada en hechos reales.<\/p>\n\n\n\n<p>Antes del pronunciamiento oficial de la FGE, circularon dos versiones sobre lo ocurrido: la primera suger\u00eda un ataque directo, aunque fue descartada r\u00e1pidamente; la segunda, que ha cobrado mayor fuerza, apunta a un intento de robo del veh\u00edculo, en una zona donde ya se han registrado hechos similares.<\/p>\n\n\n\n<p>Seg\u00fan el comunicado oficial, Sarah Rend\u00f3n fue asesinada mientras conduc\u00eda su camioneta Mazda negra en la colonia Del Empleado, en Cuernavaca. Al lugar acudieron elementos de la Agencia de Investigaci\u00f3n Criminal (AIC) y personal de Servicios Periciales para iniciar con las diligencias correspondientes.<\/p>\n\n\n\n<p>\u201cLa FGE activ\u00f3 los protocolos pertinentes y agotar\u00e1, sin excepci\u00f3n, todas las l\u00edneas de investigaci\u00f3n para esclarecer estos lamentables hechos, en los que tambi\u00e9n result\u00f3 herida otra mujer\u201d, indic\u00f3 Maldonado Cevallos.<\/p>\n\n\n\n<p>Asimismo, se\u00f1al\u00f3 que existe coordinaci\u00f3n con las distintas autoridades que integran la Mesa de Coordinaci\u00f3n para la Construcci\u00f3n de Paz y Seguridad, con el objetivo de identificar y presentar ante la justicia a los responsables de este crimen que ha conmocionado a la sociedad morelense.<\/p>\n\n\n\n<p><\/p>\n","protected":false},"excerpt":{"rendered":"<p>CUERNAVACA, MOR.- La Fiscal\u00eda General del Estado (FGE) asegur\u00f3 que se agotar\u00e1n todas las l\u00edneas de investigaci\u00f3n para esclarecer el homicidio de Sarah Rend\u00f3n Parra, hija de Sara Olivia Parra T\u00e9llez, directora del Centro de Justicia para Mujeres (CJM). El fiscal estatal, Edgar Maldonado Cevallos, afirm\u00f3 que tras el ataque ocurrido la noche del martes, [&hellip;]<\/p>\n","protected":false},"author":3,"featured_media":1182,"comment_status":"open","ping_status":"open","sticky":false,"template":"","format":"standard","meta":{"_jetpack_memberships_contains_paid_content":false,"footnotes":""},"categories":[5],"tags":[],"class_list":["post-1181","post","type-post","status-publish","format-standard","has-post-thumbnail","hentry","category-morelos"],"jetpack_featured_media_url":"https:\/\/apdnoticias.com\/wp-content\/uploads\/2025\/05\/f7179658-8588-400b-9872-b6f1d0fdbf8b.jpg","jetpack_sharing_enabled":true,"_links":{"self":[{"href":"https:\/\/apdnoticias.com\/index.php?rest_route=\/wp\/v2\/posts\/1181","targetHints":{"allow":["GET"]}}],"collection":[{"href":"https:\/\/apdnoticias.com\/index.php?rest_route=\/wp\/v2\/posts"}],"about":[{"href":"https:\/\/apdnoticias.com\/index.php?rest_route=\/wp\/v2\/types\/post"}],"author":[{"embeddable":true,"href":"https:\/\/apdnoticias.com\/index.php?rest_route=\/wp\/v2\/users\/3"}],"replies":[{"embeddable":true,"href":"https:\/\/apdnoticias.com\/index.php?rest_route=%2Fwp%2Fv2%2Fcomments&post=1181"}],"version-history":[{"count":1,"href":"https:\/\/apdnoticias.com\/index.php?rest_route=\/wp\/v2\/posts\/1181\/revisions"}],"predecessor-version":[{"id":1183,"href":"https:\/\/apdnoticias.com\/index.php?rest_route=\/wp\/v2\/posts\/1181\/revisions\/1183"}],"wp:featuredmedia":[{"embeddable":true,"href":"https:\/\/apdnoticias.com\/index.php?rest_route=\/wp\/v2\/media\/1182"}],"wp:attachment":[{"href":"https:\/\/apdnoticias.com\/index.php?rest_route=%2Fwp%2Fv2%2Fmedia&parent=1181"}],"wp:term":[{"taxonomy":"category","embeddable":true,"href":"https:\/\/apdnoticias.com\/index.php?rest_route=%2Fwp%2Fv2%2Fcategories&post=1181"},{"taxonomy":"post_tag","embeddable":true,"href":"https:\/\/apdnoticias.com\/index.php?rest_route=%2Fwp%2Fv2%2Ftags&post=1181"}],"curies":[{"name":"wp","href":"https:\/\/api.w.org\/{rel}","templated":true}]}}