{"id":1188,"date":"2025-05-30T21:56:04","date_gmt":"2025-05-30T21:56:04","guid":{"rendered":"https:\/\/apdnoticias.com\/?p=1188"},"modified":"2025-05-30T21:56:04","modified_gmt":"2025-05-30T21:56:04","slug":"hallan-sin-vida-a-lineker-emiliano-adolescente-desaparecido-en-zacatepec","status":"publish","type":"post","link":"https:\/\/apdnoticias.com\/?p=1188","title":{"rendered":"Hallan sin vida a Lineker Emiliano, adolescente desaparecido en Zacatepec"},"content":{"rendered":"\n<h3 class=\"wp-block-heading\"><\/h3>\n\n\n\n<p><strong>Zacatepec, Morelos.\u2014<\/strong>\u00a0Lineker Emiliano \u00abN\u00bb, un adolescente de 14 a\u00f1os reportado como desaparecido desde el pasado 28 de mayo, fue localizado sin vida la tarde del viernes en un camino de terracer\u00eda de la colonia Poza Honda en el municipio de Zacatepec.<\/p>\n\n\n\n<p>El cuerpo fue hallado dentro de bolsas negras cubiertas con tierra en lo que parece un intento por ocultarlo. El hallazgo se registr\u00f3 alrededor de las 13:51 horas y gener\u00f3 una amplia movilizaci\u00f3n de elementos de la Polic\u00eda Municipal, agentes ministeriales y personal pericial de la Fiscal\u00eda General del Estado (FGE).<\/p>\n\n\n\n<p>Las autoridades realizaron el levantamiento del cuerpo y comenzaron la integraci\u00f3n de la carpeta de investigaci\u00f3n correspondiente. Hasta el momento la FGE no ha informado sobre la causa de muerte ni sobre posibles personas detenidas en relaci\u00f3n con el caso.<\/p>\n\n\n\n<p>Lineker Emiliano fue visto por \u00faltima vez mientras conduc\u00eda una cuatrimoto. Desde entonces, sus familiares emprendieron una intensa b\u00fasqueda y difundieron su fotograf\u00eda en redes sociales con la esperanza de localizarlo con vida.<\/p>\n\n\n\n<p>La Fiscal\u00eda mantiene abiertas varias l\u00edneas de investigaci\u00f3n para esclarecer el homicidio<\/p>\n","protected":false},"excerpt":{"rendered":"<p>Zacatepec, Morelos.\u2014\u00a0Lineker Emiliano \u00abN\u00bb, un adolescente de 14 a\u00f1os reportado como desaparecido desde el pasado 28 de mayo, fue localizado sin vida la tarde del viernes en un camino de terracer\u00eda de la colonia Poza Honda en el municipio de Zacatepec. El cuerpo fue hallado dentro de bolsas negras cubiertas con tierra en lo que [&hellip;]<\/p>\n","protected":false},"author":3,"featured_media":1189,"comment_status":"open","ping_status":"open","sticky":false,"template":"","format":"standard","meta":{"_jetpack_memberships_contains_paid_content":false,"footnotes":""},"categories":[5],"tags":[],"class_list":["post-1188","post","type-post","status-publish","format-standard","has-post-thumbnail","hentry","category-morelos"],"jetpack_featured_media_url":"https:\/\/apdnoticias.com\/wp-content\/uploads\/2025\/05\/F7625732-8950-4C9F-8143-B415B78655D7.jpeg","jetpack_sharing_enabled":true,"_links":{"self":[{"href":"https:\/\/apdnoticias.com\/index.php?rest_route=\/wp\/v2\/posts\/1188","targetHints":{"allow":["GET"]}}],"collection":[{"href":"https:\/\/apdnoticias.com\/index.php?rest_route=\/wp\/v2\/posts"}],"about":[{"href":"https:\/\/apdnoticias.com\/index.php?rest_route=\/wp\/v2\/types\/post"}],"author":[{"embeddable":true,"href":"https:\/\/apdnoticias.com\/index.php?rest_route=\/wp\/v2\/users\/3"}],"replies":[{"embeddable":true,"href":"https:\/\/apdnoticias.com\/index.php?rest_route=%2Fwp%2Fv2%2Fcomments&post=1188"}],"version-history":[{"count":1,"href":"https:\/\/apdnoticias.com\/index.php?rest_route=\/wp\/v2\/posts\/1188\/revisions"}],"predecessor-version":[{"id":1190,"href":"https:\/\/apdnoticias.com\/index.php?rest_route=\/wp\/v2\/posts\/1188\/revisions\/1190"}],"wp:featuredmedia":[{"embeddable":true,"href":"https:\/\/apdnoticias.com\/index.php?rest_route=\/wp\/v2\/media\/1189"}],"wp:attachment":[{"href":"https:\/\/apdnoticias.com\/index.php?rest_route=%2Fwp%2Fv2%2Fmedia&parent=1188"}],"wp:term":[{"taxonomy":"category","embeddable":true,"href":"https:\/\/apdnoticias.com\/index.php?rest_route=%2Fwp%2Fv2%2Fcategories&post=1188"},{"taxonomy":"post_tag","embeddable":true,"href":"https:\/\/apdnoticias.com\/index.php?rest_route=%2Fwp%2Fv2%2Ftags&post=1188"}],"curies":[{"name":"wp","href":"https:\/\/api.w.org\/{rel}","templated":true}]}}