{"id":137,"date":"2024-08-22T05:04:13","date_gmt":"2024-08-22T05:04:13","guid":{"rendered":"http:\/\/apdnoticias.com\/?p=137"},"modified":"2024-08-22T05:04:13","modified_gmt":"2024-08-22T05:04:13","slug":"margarita-gonzalez-saravia-impulsara-proyecto-economico-integral-en-morelos","status":"publish","type":"post","link":"https:\/\/apdnoticias.com\/?p=137","title":{"rendered":"Margarita Gonz\u00e1lez Saravia Impulsar\u00e1 proyecto econ\u00f3mico integral en Morelos"},"content":{"rendered":"\n<p><em>La gobernadora electa present\u00f3 a los titulares de las secretar\u00edas de Desarrollo Agropecuario, Desarrollo Econ\u00f3mico, Desarrollo Sustentable, Infraestructura y Turismo<\/em><\/p>\n\n\n\n<p>Margarita Gonz\u00e1lez Saravia, gobernadora electa del Estado de Morelos, dio a conocer la segunda parte de su gabinete e inform\u00f3 que el enfoque econ\u00f3mico de su gesti\u00f3n \u201cser\u00e1 el impulso en infraestructura para atraer inversiones nacionales y extranjeras, apostando por un modelo que demuestre que es posible generar crecimiento econ\u00f3mico sostenible, combatiendo las desigualdades y construyendo justicia social\u201d.<\/p>\n\n\n\n<p>Los integrantes del gabinete que se suman a quienes fueron presentados en d\u00edas anteriores son Margarita Galeana Torres, al frente de la Secretar\u00eda de Desarrollo Agropecuario; V\u00edctor S\u00e1nchez Trujillo en la Secretar\u00eda de Desarrollo Econ\u00f3mico; Alan Dupr\u00e9 Ram\u00edrez estar\u00e1 a cargo de la Secretar\u00eda de Desarrollo Sustentable; Adolfo Barrag\u00e1n Cena encabezar\u00e1 la Secretar\u00eda de Infraestructura; Daniel Altafi Valladares ser\u00e1 el pr\u00f3ximo secretario de Turismo del estado y Josu\u00e9 Fern\u00e1ndez Fern\u00e1ndez ser\u00e1 el coordinador de Transporte.<\/p>\n\n\n\n<p>De la misma manera, Gonz\u00e1lez Saravia tambi\u00e9n inform\u00f3 que Javier Bola\u00f1os Aguilar ser\u00e1 el pr\u00f3ximo titular de la Comisi\u00f3n Estatal del Agua que tendr\u00e1 como principal objetivo implementar un plan h\u00eddrico integral para todo el estado. Adem\u00e1s, Iv\u00e1n Elizondo Cortina ser\u00e1 el coordinador de Desarrollo Econ\u00f3mico y secretario t\u00e9cnico del Consejo de Inversiones, con el que se busca impulsar estrategias que detone el desarrollo econ\u00f3mico local e internacionalmente.<\/p>\n\n\n\n<p>La gobernadora electa de Morelos asegur\u00f3 que el gabinete que present\u00f3 este d\u00eda \u201ctiene el objetivo de iniciar una etapa de crecimiento de desarrollo y bienestar para todas y todos, donde el trabajo coordinado entre el Estado y la iniciativa privada ser\u00e1n fundamentales\u201d.<\/p>\n\n\n\n<p>Finalmente, las y los pr\u00f3ximos secretarios estatales firmaron el Dec\u00e1logo para la Transformaci\u00f3n de Morelos que contempla una serie de lineamientos \u00e9ticos para fortalecer el servicio p\u00fablico que llevar\u00e1n a cabo.<\/p>\n","protected":false},"excerpt":{"rendered":"<p>La gobernadora electa present\u00f3 a los titulares de las secretar\u00edas de Desarrollo Agropecuario, Desarrollo Econ\u00f3mico, Desarrollo Sustentable, Infraestructura y Turismo Margarita Gonz\u00e1lez Saravia, gobernadora electa del Estado de Morelos, dio a conocer la segunda parte de su gabinete e inform\u00f3 que el enfoque econ\u00f3mico de su gesti\u00f3n \u201cser\u00e1 el impulso en infraestructura para atraer inversiones [&hellip;]<\/p>\n","protected":false},"author":3,"featured_media":138,"comment_status":"open","ping_status":"open","sticky":false,"template":"","format":"standard","meta":{"_jetpack_memberships_contains_paid_content":false,"footnotes":""},"categories":[5],"tags":[],"class_list":["post-137","post","type-post","status-publish","format-standard","has-post-thumbnail","hentry","category-morelos"],"jetpack_featured_media_url":"https:\/\/apdnoticias.com\/wp-content\/uploads\/2024\/08\/597E0D29-0EAD-4738-9576-BDF8B8654F44.jpeg","jetpack_sharing_enabled":true,"_links":{"self":[{"href":"https:\/\/apdnoticias.com\/index.php?rest_route=\/wp\/v2\/posts\/137","targetHints":{"allow":["GET"]}}],"collection":[{"href":"https:\/\/apdnoticias.com\/index.php?rest_route=\/wp\/v2\/posts"}],"about":[{"href":"https:\/\/apdnoticias.com\/index.php?rest_route=\/wp\/v2\/types\/post"}],"author":[{"embeddable":true,"href":"https:\/\/apdnoticias.com\/index.php?rest_route=\/wp\/v2\/users\/3"}],"replies":[{"embeddable":true,"href":"https:\/\/apdnoticias.com\/index.php?rest_route=%2Fwp%2Fv2%2Fcomments&post=137"}],"version-history":[{"count":1,"href":"https:\/\/apdnoticias.com\/index.php?rest_route=\/wp\/v2\/posts\/137\/revisions"}],"predecessor-version":[{"id":139,"href":"https:\/\/apdnoticias.com\/index.php?rest_route=\/wp\/v2\/posts\/137\/revisions\/139"}],"wp:featuredmedia":[{"embeddable":true,"href":"https:\/\/apdnoticias.com\/index.php?rest_route=\/wp\/v2\/media\/138"}],"wp:attachment":[{"href":"https:\/\/apdnoticias.com\/index.php?rest_route=%2Fwp%2Fv2%2Fmedia&parent=137"}],"wp:term":[{"taxonomy":"category","embeddable":true,"href":"https:\/\/apdnoticias.com\/index.php?rest_route=%2Fwp%2Fv2%2Fcategories&post=137"},{"taxonomy":"post_tag","embeddable":true,"href":"https:\/\/apdnoticias.com\/index.php?rest_route=%2Fwp%2Fv2%2Ftags&post=137"}],"curies":[{"name":"wp","href":"https:\/\/api.w.org\/{rel}","templated":true}]}}