{"id":150,"date":"2024-08-27T04:31:39","date_gmt":"2024-08-27T04:31:39","guid":{"rendered":"http:\/\/apdnoticias.com\/?p=150"},"modified":"2024-08-27T04:35:34","modified_gmt":"2024-08-27T04:35:34","slug":"gonzalez-saravia-creera-comision-de-inversiones-de-morelos-para-impulsar-crecimiento-economico","status":"publish","type":"post","link":"https:\/\/apdnoticias.com\/?p=150","title":{"rendered":"Gonz\u00e1lez Saravia creer\u00e1 Comisi\u00f3n de Inversiones de Morelos para impulsar crecimiento econ\u00f3mico"},"content":{"rendered":"\n<p><em>Durante su gesti\u00f3n tambi\u00e9n se integrar\u00e1 el Instituto de la Econom\u00eda para el Bienestar<\/em><\/p>\n\n\n\n<p>Luego del anuncio de Margarita Gonz\u00e1lez Saravia, gobernadora electa de Morelos, sobre los miembros que se suman al pr\u00f3ximo gabinete estatal, V\u00edctor S\u00e1nchez Trujillo, quien encabezar\u00e1 la Secretar\u00eda de Desarrollo Econ\u00f3mico, asegur\u00f3 que el estado cuenta con condiciones para que las inversiones privadas crezcan, por ello, bajo la instrucci\u00f3n de Gonz\u00e1lez Saravia, se crear\u00e1 la Comisi\u00f3n de Inversiones que estar\u00e1 presidida por Iv\u00e1n Elizondo Cortina y que tendr\u00e1 por objetivo facilitar convenios, gestiones y tr\u00e1mites para quienes est\u00e9n interesados en invertir.<\/p>\n\n\n\n<p>Al respecto, Iv\u00e1n Elizondo asegur\u00f3 que \u201cla prioridad de la pr\u00f3xima administraci\u00f3n ser\u00e1 generar las condiciones adecuadas para, en conjunto con la iniciativa privada, implementar proyectos que generen empleos y aporten una derrama econ\u00f3mica para el bienestar social\u201d.<\/p>\n\n\n\n<p>Sobre el Instituto de la Econom\u00eda para el Bienestar, tendr\u00e1 la finalidad de brindar apoyo al emprendimiento, por lo que se impulsar\u00e1n cooperativas de peque\u00f1as y medianas empresas y, en materia agropecuaria, se integrar\u00e1 a cadenas de valor a peque\u00f1os productores.<\/p>\n\n\n\n<p>Con estas acciones se consolidar\u00e1 un portafolio de inversiones que ser\u00e1 primordial para que empresarios se decidan a hacer de Morelos su aliado comercial, para ello se requiere que el estado otorgue garant\u00edas de seriedad, servicios de infraestructura y la seguridad social.<\/p>\n\n\n\n<p>Ambos coincidieron en que la reactivaci\u00f3n del Aeropuerto Mariano Matamoros considera los vuelos comerciales pero estar\u00e1 m\u00e1s enfocado como una opci\u00f3n que fortalecer\u00e1 las relaciones econ\u00f3micas con estados vecinos, sobre todo por la ubicaci\u00f3n geogr\u00e1fica, como puerto de carga considerando los caminos existentes y los nuevos sistemas carreteros que permitir\u00e1n una amplia conexi\u00f3n con el pa\u00eds.<\/p>\n","protected":false},"excerpt":{"rendered":"<p>Durante su gesti\u00f3n tambi\u00e9n se integrar\u00e1 el Instituto de la Econom\u00eda para el Bienestar Luego del anuncio de Margarita Gonz\u00e1lez Saravia, gobernadora electa de Morelos, sobre los miembros que se suman al pr\u00f3ximo gabinete estatal, V\u00edctor S\u00e1nchez Trujillo, quien encabezar\u00e1 la Secretar\u00eda de Desarrollo Econ\u00f3mico, asegur\u00f3 que el estado cuenta con condiciones para que las [&hellip;]<\/p>\n","protected":false},"author":3,"featured_media":153,"comment_status":"open","ping_status":"open","sticky":false,"template":"","format":"standard","meta":{"_jetpack_memberships_contains_paid_content":false,"footnotes":""},"categories":[5],"tags":[],"class_list":["post-150","post","type-post","status-publish","format-standard","has-post-thumbnail","hentry","category-morelos"],"jetpack_featured_media_url":"https:\/\/apdnoticias.com\/wp-content\/uploads\/2024\/08\/6270385D-F195-41C9-AD8B-0878241A44CC.jpeg","jetpack_sharing_enabled":true,"_links":{"self":[{"href":"https:\/\/apdnoticias.com\/index.php?rest_route=\/wp\/v2\/posts\/150","targetHints":{"allow":["GET"]}}],"collection":[{"href":"https:\/\/apdnoticias.com\/index.php?rest_route=\/wp\/v2\/posts"}],"about":[{"href":"https:\/\/apdnoticias.com\/index.php?rest_route=\/wp\/v2\/types\/post"}],"author":[{"embeddable":true,"href":"https:\/\/apdnoticias.com\/index.php?rest_route=\/wp\/v2\/users\/3"}],"replies":[{"embeddable":true,"href":"https:\/\/apdnoticias.com\/index.php?rest_route=%2Fwp%2Fv2%2Fcomments&post=150"}],"version-history":[{"count":1,"href":"https:\/\/apdnoticias.com\/index.php?rest_route=\/wp\/v2\/posts\/150\/revisions"}],"predecessor-version":[{"id":152,"href":"https:\/\/apdnoticias.com\/index.php?rest_route=\/wp\/v2\/posts\/150\/revisions\/152"}],"wp:featuredmedia":[{"embeddable":true,"href":"https:\/\/apdnoticias.com\/index.php?rest_route=\/wp\/v2\/media\/153"}],"wp:attachment":[{"href":"https:\/\/apdnoticias.com\/index.php?rest_route=%2Fwp%2Fv2%2Fmedia&parent=150"}],"wp:term":[{"taxonomy":"category","embeddable":true,"href":"https:\/\/apdnoticias.com\/index.php?rest_route=%2Fwp%2Fv2%2Fcategories&post=150"},{"taxonomy":"post_tag","embeddable":true,"href":"https:\/\/apdnoticias.com\/index.php?rest_route=%2Fwp%2Fv2%2Ftags&post=150"}],"curies":[{"name":"wp","href":"https:\/\/api.w.org\/{rel}","templated":true}]}}