{"id":161,"date":"2024-08-31T21:25:48","date_gmt":"2024-08-31T21:25:48","guid":{"rendered":"http:\/\/apdnoticias.com\/?p=161"},"modified":"2024-08-31T21:25:48","modified_gmt":"2024-08-31T21:25:48","slug":"autoridades-federales-y-proteccion-civil-morelos-atienden-deslave-en-jiutepec-morelos-tres-menores-fueron-localizados-sin-vida","status":"publish","type":"post","link":"https:\/\/apdnoticias.com\/?p=161","title":{"rendered":"Autoridades Federales y Protecci\u00f3n Civil Morelos, atienden deslave en Jiutepec Morelos, tres menores fueron localizados sin vida"},"content":{"rendered":"\n<p>Jiutepec, Mor a 31 de agosto del 2024.-La Secretaria de la Defensa Nacional a trav\u00e9s de las Comandancias de la I Regi\u00f3n Militar y de la 24\/a Zona Militar, informan a la opini\u00f3n p\u00fablica que esta fecha, elementos del Ej\u00e9rcito Mexicano y Guardia Nacional adscritos a esta Zona Militar, llevar\u00f3n a cabo la aplicaci\u00f3n del Plan DN-III-E y Plan GN respectivamente, en su fase de auxilio, para atender el deslave de un cerro, generado por las intensas lluvias aproximadamente a las 03:00 horas de esta ma\u00f1ana, sobre viviendas ubicadas en la calle Santa Teresa de Mier, Col. Jardin Juarez, municipio de Jiutepec, Morelos.<\/p>\n\n\n\n<p>Personal militar y de la Guardia Nacional empe\u00f1\u00f3 sus esfuerzos en labores de remoci\u00f3n de tierra, piedras, troncos, ramas y escombros, empleando herramientas de mano, as\u00ed como apoyo de rescate de las v\u00edctimas, por lo que se procedi\u00f3 de manera coordinada con autoridades de Protecci\u00f3n Civil para rescatar a las personas atrapadas, donde fueron localizados 3 menores de edad sin vida, dentro de una vivienda afectada.<\/p>\n\n\n\n<p>La aplicaci\u00f3n de dichos planes se ha puesto en marcha con el objeto de proporcionar apoyo inmediato a la comunidad afectada y facilitar la recuperaci\u00f3n de las \u00e1reas devastadas, llevando a cabo actividades de vigilancia a inmediaciones del lugar as\u00ed como el acordonamiento y seguridad a las familias en el lugar del evento, de igual manera se proporcionaron bebidas calientes y pan en el lugar del suceso para las personas afectadas y colaboradores en las actividades de rescate.<\/p>\n\n\n\n<p>Finalmente personal militar, de Guardia Nacional y Protecci\u00f3n Civil municipal realizaron un reconocimiento para determinar zonas de riesgo a inmediaciones del \u00e1rea, detectando 8 viviendas en vulnerabilidad de ser afectadas, por lo que se recomend\u00f3 a los propietarios desalojar transitoriamente sus casas, ofreci\u00e9ndoles ser trasladados a un albergue temporal o acudir a refugiarse con alg\u00fan familiar a fin de evitar p\u00e9rdidas humanas y materiales.<\/p>\n\n\n\n<p>Con estas acciones, la Secretar\u00eda de la Defensa Nacional y Guardia Nacional refrendan su compromiso y responsabilidad al pueblo de M\u00e9xico de servir ininterrumpidamente, en toda condici\u00f3n y lugar, para reducir los estragos ocasionados por estas eventualidades, prestando ayuda para el mantenimiento del orden, auxilio de las personas y su patrimonio.<\/p>\n","protected":false},"excerpt":{"rendered":"<p>Jiutepec, Mor a 31 de agosto del 2024.-La Secretaria de la Defensa Nacional a trav\u00e9s de las Comandancias de la I Regi\u00f3n Militar y de la 24\/a Zona Militar, informan a la opini\u00f3n p\u00fablica que esta fecha, elementos del Ej\u00e9rcito Mexicano y Guardia Nacional adscritos a esta Zona Militar, llevar\u00f3n a cabo la aplicaci\u00f3n del [&hellip;]<\/p>\n","protected":false},"author":3,"featured_media":162,"comment_status":"open","ping_status":"open","sticky":false,"template":"","format":"standard","meta":{"_jetpack_memberships_contains_paid_content":false,"footnotes":""},"categories":[5],"tags":[],"class_list":["post-161","post","type-post","status-publish","format-standard","has-post-thumbnail","hentry","category-morelos"],"jetpack_featured_media_url":"https:\/\/apdnoticias.com\/wp-content\/uploads\/2024\/08\/C06F1726-AA5F-4BD4-9709-D19017E1DBA1.jpeg","jetpack_sharing_enabled":true,"_links":{"self":[{"href":"https:\/\/apdnoticias.com\/index.php?rest_route=\/wp\/v2\/posts\/161","targetHints":{"allow":["GET"]}}],"collection":[{"href":"https:\/\/apdnoticias.com\/index.php?rest_route=\/wp\/v2\/posts"}],"about":[{"href":"https:\/\/apdnoticias.com\/index.php?rest_route=\/wp\/v2\/types\/post"}],"author":[{"embeddable":true,"href":"https:\/\/apdnoticias.com\/index.php?rest_route=\/wp\/v2\/users\/3"}],"replies":[{"embeddable":true,"href":"https:\/\/apdnoticias.com\/index.php?rest_route=%2Fwp%2Fv2%2Fcomments&post=161"}],"version-history":[{"count":1,"href":"https:\/\/apdnoticias.com\/index.php?rest_route=\/wp\/v2\/posts\/161\/revisions"}],"predecessor-version":[{"id":163,"href":"https:\/\/apdnoticias.com\/index.php?rest_route=\/wp\/v2\/posts\/161\/revisions\/163"}],"wp:featuredmedia":[{"embeddable":true,"href":"https:\/\/apdnoticias.com\/index.php?rest_route=\/wp\/v2\/media\/162"}],"wp:attachment":[{"href":"https:\/\/apdnoticias.com\/index.php?rest_route=%2Fwp%2Fv2%2Fmedia&parent=161"}],"wp:term":[{"taxonomy":"category","embeddable":true,"href":"https:\/\/apdnoticias.com\/index.php?rest_route=%2Fwp%2Fv2%2Fcategories&post=161"},{"taxonomy":"post_tag","embeddable":true,"href":"https:\/\/apdnoticias.com\/index.php?rest_route=%2Fwp%2Fv2%2Ftags&post=161"}],"curies":[{"name":"wp","href":"https:\/\/api.w.org\/{rel}","templated":true}]}}