{"id":2158,"date":"2025-11-06T21:44:03","date_gmt":"2025-11-06T21:44:03","guid":{"rendered":"https:\/\/apdnoticias.com\/?p=2158"},"modified":"2025-11-06T21:44:03","modified_gmt":"2025-11-06T21:44:03","slug":"investigan-homicidio-de-regidora-en-san-juan-cacahuatepec-oaxaca","status":"publish","type":"post","link":"https:\/\/apdnoticias.com\/?p=2158","title":{"rendered":"Investigan homicidio de regidora en San Juan Cacahuatepec, Oaxaca"},"content":{"rendered":"\n<p>Nadya Limas <\/p>\n\n\n\n<p>Oaxaca.\u2014\u00a0Autoridades estatales confirmaron el\u00a0asesinato de Guadalupe Urb\u00e1n Ceballos, quien se desempe\u00f1aba como\u00a0regidora de Parques y Jardines\u00a0en el municipio de\u00a0San Juan Cacahuatepec, en la regi\u00f3n de la Costa.<\/p>\n\n\n\n<p>El cuerpo de la funcionaria fue localizado la ma\u00f1ana de este\u00a06 de noviembre\u00a0sobre el\u00a0camino rural que conecta a la comunidad de San Antonio Ocotl\u00e1n, donde elementos policiales y peritos de la\u00a0Vicefiscal\u00eda Regional\u00a0realizaron las primeras diligencias y el levantamiento de indicios.<\/p>\n\n\n\n<p>De acuerdo con la\u00a0Fiscal\u00eda General del Estado de Oaxaca, se abri\u00f3 una\u00a0carpeta de investigaci\u00f3n\u00a0por el delito de homicidio calificado, y se llevan a cabo trabajos de\u00a0coordinaci\u00f3n con fuerzas federales y municipales\u00a0para reforzar la seguridad en la zona y dar seguimiento al caso.<\/p>\n\n\n\n<p>Las autoridades reiteraron su compromiso de\u00a0esclarecer los hechos y garantizar justicia\u00a0para la v\u00edctima, mientras contin\u00faan las labores periciales y de campo en el \u00e1rea.<\/p>\n","protected":false},"excerpt":{"rendered":"<p>Nadya Limas Oaxaca.\u2014\u00a0Autoridades estatales confirmaron el\u00a0asesinato de Guadalupe Urb\u00e1n Ceballos, quien se desempe\u00f1aba como\u00a0regidora de Parques y Jardines\u00a0en el municipio de\u00a0San Juan Cacahuatepec, en la regi\u00f3n de la Costa. El cuerpo de la funcionaria fue localizado la ma\u00f1ana de este\u00a06 de noviembre\u00a0sobre el\u00a0camino rural que conecta a la comunidad de San Antonio Ocotl\u00e1n, donde elementos [&hellip;]<\/p>\n","protected":false},"author":3,"featured_media":2159,"comment_status":"open","ping_status":"open","sticky":false,"template":"","format":"standard","meta":{"_jetpack_memberships_contains_paid_content":false,"footnotes":""},"categories":[6],"tags":[],"class_list":["post-2158","post","type-post","status-publish","format-standard","has-post-thumbnail","hentry","category-mexico"],"jetpack_featured_media_url":"https:\/\/apdnoticias.com\/wp-content\/uploads\/2025\/11\/IMG_4347.webp","jetpack_sharing_enabled":true,"_links":{"self":[{"href":"https:\/\/apdnoticias.com\/index.php?rest_route=\/wp\/v2\/posts\/2158","targetHints":{"allow":["GET"]}}],"collection":[{"href":"https:\/\/apdnoticias.com\/index.php?rest_route=\/wp\/v2\/posts"}],"about":[{"href":"https:\/\/apdnoticias.com\/index.php?rest_route=\/wp\/v2\/types\/post"}],"author":[{"embeddable":true,"href":"https:\/\/apdnoticias.com\/index.php?rest_route=\/wp\/v2\/users\/3"}],"replies":[{"embeddable":true,"href":"https:\/\/apdnoticias.com\/index.php?rest_route=%2Fwp%2Fv2%2Fcomments&post=2158"}],"version-history":[{"count":1,"href":"https:\/\/apdnoticias.com\/index.php?rest_route=\/wp\/v2\/posts\/2158\/revisions"}],"predecessor-version":[{"id":2160,"href":"https:\/\/apdnoticias.com\/index.php?rest_route=\/wp\/v2\/posts\/2158\/revisions\/2160"}],"wp:featuredmedia":[{"embeddable":true,"href":"https:\/\/apdnoticias.com\/index.php?rest_route=\/wp\/v2\/media\/2159"}],"wp:attachment":[{"href":"https:\/\/apdnoticias.com\/index.php?rest_route=%2Fwp%2Fv2%2Fmedia&parent=2158"}],"wp:term":[{"taxonomy":"category","embeddable":true,"href":"https:\/\/apdnoticias.com\/index.php?rest_route=%2Fwp%2Fv2%2Fcategories&post=2158"},{"taxonomy":"post_tag","embeddable":true,"href":"https:\/\/apdnoticias.com\/index.php?rest_route=%2Fwp%2Fv2%2Ftags&post=2158"}],"curies":[{"name":"wp","href":"https:\/\/api.w.org\/{rel}","templated":true}]}}