{"id":2161,"date":"2025-11-06T22:09:13","date_gmt":"2025-11-06T22:09:13","guid":{"rendered":"https:\/\/apdnoticias.com\/?p=2161"},"modified":"2025-11-06T22:09:13","modified_gmt":"2025-11-06T22:09:13","slug":"congreso-de-peru-declara-persona-no-grata-a-la-presidenta-de-mexico-claudia-sheinbaum-por-presuntos-vinculos-con-el-crimen-organizado","status":"publish","type":"post","link":"https:\/\/apdnoticias.com\/?p=2161","title":{"rendered":"Congreso de Per\u00fa declara persona no grata a la presidenta de M\u00e9xico, Claudia Sheinbaum, por presuntos v\u00ednculos con el crimen organizado"},"content":{"rendered":"\n<h3 class=\"wp-block-heading\">Nadya Limas <\/h3>\n\n\n\n<p>Lima, Per\u00fa.\u2014\u00a0El\u00a0Congreso de la Rep\u00fablica del Per\u00fa\u00a0declar\u00f3 este jueves\u00a0persona no grata\u00a0a la\u00a0presidenta de M\u00e9xico, Claudia Sheinbaum, militante del partido\u00a0Movimiento Regeneraci\u00f3n Nacional (Morena), al acusar a su gobierno de mantener\u00a0presuntos v\u00ednculos con organizaciones delictivas.<\/p>\n\n\n\n<p>Durante la sesi\u00f3n plenaria, legisladores peruanos se\u00f1alaron que el\u00a0partido Morena, actualmente en el poder, estar\u00eda\u00a0relacionado con el C\u00e1rtel de Sinaloa y otros grupos criminales, lo que \u2014seg\u00fan su argumento\u2014 \u201ccontamina las decisiones del gobierno mexicano y condiciona su actuar pol\u00edtico\u201d.<\/p>\n\n\n\n<p>Los congresistas tambi\u00e9n aseguraron que estas presuntas conexiones habr\u00edan llevado a la mandataria a\u00a0tomar decisiones pol\u00edticas orientadas a proteger a miembros del crimen organizado\u00a0vinculados a su partido.<\/p>\n\n\n\n<p>En el debate, algunos legisladores extendieron las cr\u00edticas al\u00a0presidente de Colombia, Gustavo Petro, y al\u00a0expresidente mexicano Andr\u00e9s Manuel L\u00f3pez Obrador, a quienes acusaron de mantener\u00a0afinidades pol\u00edticas con gobiernos que, seg\u00fan ellos, toleran estructuras criminales.<\/p>\n\n\n\n<p>Hasta el momento,\u00a0el Gobierno de M\u00e9xico no ha emitido una postura oficial\u00a0sobre la resoluci\u00f3n aprobada por el Congreso peruano, que se suma a las recientes\u00a0tensiones diplom\u00e1ticas\u00a0entre ambos pa\u00edses.<\/p>\n","protected":false},"excerpt":{"rendered":"<p>Nadya Limas Lima, Per\u00fa.\u2014\u00a0El\u00a0Congreso de la Rep\u00fablica del Per\u00fa\u00a0declar\u00f3 este jueves\u00a0persona no grata\u00a0a la\u00a0presidenta de M\u00e9xico, Claudia Sheinbaum, militante del partido\u00a0Movimiento Regeneraci\u00f3n Nacional (Morena), al acusar a su gobierno de mantener\u00a0presuntos v\u00ednculos con organizaciones delictivas. Durante la sesi\u00f3n plenaria, legisladores peruanos se\u00f1alaron que el\u00a0partido Morena, actualmente en el poder, estar\u00eda\u00a0relacionado con el C\u00e1rtel de Sinaloa [&hellip;]<\/p>\n","protected":false},"author":3,"featured_media":2162,"comment_status":"open","ping_status":"open","sticky":false,"template":"","format":"standard","meta":{"_jetpack_memberships_contains_paid_content":false,"footnotes":""},"categories":[7],"tags":[],"class_list":["post-2161","post","type-post","status-publish","format-standard","has-post-thumbnail","hentry","category-mundo"],"jetpack_featured_media_url":"https:\/\/apdnoticias.com\/wp-content\/uploads\/2025\/11\/D01E99D1-1809-42DE-9267-C623B4331A45.jpeg","jetpack_sharing_enabled":true,"_links":{"self":[{"href":"https:\/\/apdnoticias.com\/index.php?rest_route=\/wp\/v2\/posts\/2161","targetHints":{"allow":["GET"]}}],"collection":[{"href":"https:\/\/apdnoticias.com\/index.php?rest_route=\/wp\/v2\/posts"}],"about":[{"href":"https:\/\/apdnoticias.com\/index.php?rest_route=\/wp\/v2\/types\/post"}],"author":[{"embeddable":true,"href":"https:\/\/apdnoticias.com\/index.php?rest_route=\/wp\/v2\/users\/3"}],"replies":[{"embeddable":true,"href":"https:\/\/apdnoticias.com\/index.php?rest_route=%2Fwp%2Fv2%2Fcomments&post=2161"}],"version-history":[{"count":1,"href":"https:\/\/apdnoticias.com\/index.php?rest_route=\/wp\/v2\/posts\/2161\/revisions"}],"predecessor-version":[{"id":2163,"href":"https:\/\/apdnoticias.com\/index.php?rest_route=\/wp\/v2\/posts\/2161\/revisions\/2163"}],"wp:featuredmedia":[{"embeddable":true,"href":"https:\/\/apdnoticias.com\/index.php?rest_route=\/wp\/v2\/media\/2162"}],"wp:attachment":[{"href":"https:\/\/apdnoticias.com\/index.php?rest_route=%2Fwp%2Fv2%2Fmedia&parent=2161"}],"wp:term":[{"taxonomy":"category","embeddable":true,"href":"https:\/\/apdnoticias.com\/index.php?rest_route=%2Fwp%2Fv2%2Fcategories&post=2161"},{"taxonomy":"post_tag","embeddable":true,"href":"https:\/\/apdnoticias.com\/index.php?rest_route=%2Fwp%2Fv2%2Ftags&post=2161"}],"curies":[{"name":"wp","href":"https:\/\/api.w.org\/{rel}","templated":true}]}}