{"id":2164,"date":"2025-11-06T22:27:11","date_gmt":"2025-11-06T22:27:11","guid":{"rendered":"https:\/\/apdnoticias.com\/?p=2164"},"modified":"2025-11-06T22:27:11","modified_gmt":"2025-11-06T22:27:11","slug":"cuernavaca-comparte-su-experiencia-en-manejo-responsable-de-recursos-durante-foro-nacional-de-finanzas-publicas","status":"publish","type":"post","link":"https:\/\/apdnoticias.com\/?p=2164","title":{"rendered":"Cuernavaca comparte su experiencia en manejo responsable de recursos durante foro nacional de finanzas p\u00fablicas"},"content":{"rendered":"\n<p>El presidente municipal de Cuernavaca, Jos\u00e9 Luis Uri\u00f3stegui Salgado, particip\u00f3 este jueves en la inauguraci\u00f3n del Foro Finanzas P\u00fablicas Sostenibles y Fomento de la Inversi\u00f3n para Gobiernos Subnacionales: Movilidad Vehicular, Catastro e Inversi\u00f3n, donde destac\u00f3 la importancia de fortalecer las capacidades municipales en materia de planeaci\u00f3n financiera, transparencia y recaudaci\u00f3n responsable.<\/p>\n\n\n\n<p>Subray\u00f3 que, desde su primera gesti\u00f3n, el Ayuntamiento de Cuernavaca ha mantenido finanzas sanas, sin contratar deuda p\u00fablica y destinando los recursos de manera estrat\u00e9gica para garantizar la prestaci\u00f3n de servicios, la ejecuci\u00f3n de obra p\u00fablica y el bienestar de las familias. Agreg\u00f3 que encuentros como este permiten replicar buenas pr\u00e1cticas y generar pol\u00edticas p\u00fablicas sostenibles en beneficio de los municipios, Estado y Federaci\u00f3n.<\/p>\n\n\n\n<p>Acompa\u00f1ando a la gobernadora Margarita Gonz\u00e1lez Saravia, as\u00ed como a legisladores, autoridades federales y estatales, Uri\u00f3stegui Salgado resalt\u00f3 que Cuernavaca se encuentra en una ruta de modernizaci\u00f3n administrativa y orden financiero con acciones enfocadas en actualizar el catastro municipal, fortalecer la movilidad y fomentar la inversi\u00f3n local, pilares fundamentales para el desarrollo econ\u00f3mico de la capital morelense.<\/p>\n","protected":false},"excerpt":{"rendered":"<p>El presidente municipal de Cuernavaca, Jos\u00e9 Luis Uri\u00f3stegui Salgado, particip\u00f3 este jueves en la inauguraci\u00f3n del Foro Finanzas P\u00fablicas Sostenibles y Fomento de la Inversi\u00f3n para Gobiernos Subnacionales: Movilidad Vehicular, Catastro e Inversi\u00f3n, donde destac\u00f3 la importancia de fortalecer las capacidades municipales en materia de planeaci\u00f3n financiera, transparencia y recaudaci\u00f3n responsable. Subray\u00f3 que, desde su [&hellip;]<\/p>\n","protected":false},"author":3,"featured_media":2165,"comment_status":"open","ping_status":"open","sticky":false,"template":"","format":"standard","meta":{"_jetpack_memberships_contains_paid_content":false,"footnotes":""},"categories":[13],"tags":[],"class_list":["post-2164","post","type-post","status-publish","format-standard","has-post-thumbnail","hentry","category-local"],"jetpack_featured_media_url":"https:\/\/apdnoticias.com\/wp-content\/uploads\/2025\/11\/11AAC06A-6353-4C88-836F-AE08A3221304.jpeg","jetpack_sharing_enabled":true,"_links":{"self":[{"href":"https:\/\/apdnoticias.com\/index.php?rest_route=\/wp\/v2\/posts\/2164","targetHints":{"allow":["GET"]}}],"collection":[{"href":"https:\/\/apdnoticias.com\/index.php?rest_route=\/wp\/v2\/posts"}],"about":[{"href":"https:\/\/apdnoticias.com\/index.php?rest_route=\/wp\/v2\/types\/post"}],"author":[{"embeddable":true,"href":"https:\/\/apdnoticias.com\/index.php?rest_route=\/wp\/v2\/users\/3"}],"replies":[{"embeddable":true,"href":"https:\/\/apdnoticias.com\/index.php?rest_route=%2Fwp%2Fv2%2Fcomments&post=2164"}],"version-history":[{"count":1,"href":"https:\/\/apdnoticias.com\/index.php?rest_route=\/wp\/v2\/posts\/2164\/revisions"}],"predecessor-version":[{"id":2166,"href":"https:\/\/apdnoticias.com\/index.php?rest_route=\/wp\/v2\/posts\/2164\/revisions\/2166"}],"wp:featuredmedia":[{"embeddable":true,"href":"https:\/\/apdnoticias.com\/index.php?rest_route=\/wp\/v2\/media\/2165"}],"wp:attachment":[{"href":"https:\/\/apdnoticias.com\/index.php?rest_route=%2Fwp%2Fv2%2Fmedia&parent=2164"}],"wp:term":[{"taxonomy":"category","embeddable":true,"href":"https:\/\/apdnoticias.com\/index.php?rest_route=%2Fwp%2Fv2%2Fcategories&post=2164"},{"taxonomy":"post_tag","embeddable":true,"href":"https:\/\/apdnoticias.com\/index.php?rest_route=%2Fwp%2Fv2%2Ftags&post=2164"}],"curies":[{"name":"wp","href":"https:\/\/api.w.org\/{rel}","templated":true}]}}