{"id":2191,"date":"2025-11-12T23:30:28","date_gmt":"2025-11-12T23:30:28","guid":{"rendered":"https:\/\/apdnoticias.com\/?p=2191"},"modified":"2025-11-12T23:41:03","modified_gmt":"2025-11-12T23:41:03","slug":"tormenta-solar-provoca-auroras-en-mexico-y-fallas-en-telecomunicaciones-desatan-teorias-por-el-portal-1111","status":"publish","type":"post","link":"https:\/\/apdnoticias.com\/?p=2191","title":{"rendered":"Tormenta solar provoca auroras en M\u00e9xico y fallas en telecomunicaciones; desatan teor\u00edas por el portal 11:11"},"content":{"rendered":"\n<p><\/p>\n\n\n\n<p>CUERNAVACA.MOR- Durante la noche del martes 11 de noviembre se registr\u00f3 en gran parte del pa\u00eds un fen\u00f3meno inusual provocado por una fuerte tormenta solar que gener\u00f3 auroras visibles en M\u00e9xico y afectaciones leves en telecomunicaciones. El evento, considerado uno de los m\u00e1s intensos de los \u00faltimos a\u00f1os, coincidi\u00f3 con la fecha 11\/11, lo que desat\u00f3 todo tipo de teor\u00edas y explicaciones tanto cient\u00edficas como espirituales.<\/p>\n\n\n\n<p>De acuerdo con la Administraci\u00f3n Nacional Oce\u00e1nica y Atmosf\u00e9rica (NOAA) y el Servicio de Clima Espacial de M\u00e9xico (SCIESMEX), la actividad se debi\u00f3 a una eyecci\u00f3n de masa coronal proveniente del Sol que impact\u00f3 el campo magn\u00e9tico de la Tierra, generando una tormenta geomagn\u00e9tica clasificada como&nbsp;<strong>G4 (severa)<\/strong>. Este tipo de fen\u00f3menos puede alterar redes el\u00e9ctricas, sistemas de navegaci\u00f3n y sat\u00e9lites, adem\u00e1s de provocar espect\u00e1culos luminosos en el cielo conocidos como auroras boreales.<\/p>\n\n\n\n<p>En M\u00e9xico, los efectos fueron visibles principalmente en los estados del norte como&nbsp;<strong>Sonora, Chihuahua y Nuevo Le\u00f3n<\/strong>, donde decenas de personas compartieron im\u00e1genes de luces rojizas y verdosas iluminando el cielo. En Ciudad Obreg\u00f3n, el fot\u00f3grafo&nbsp;<strong>Santiago Arau<\/strong>&nbsp;capt\u00f3 desde un avi\u00f3n una impresionante fotograf\u00eda de una aurora a las 9:54 de la noche, una imagen que r\u00e1pidamente se hizo viral.<\/p>\n\n\n\n<p>Astr\u00f3nomos explicaron que la \u00faltima vez que un fen\u00f3meno de este tipo se observ\u00f3 en M\u00e9xico fue hace m\u00e1s de veinte a\u00f1os. Seg\u00fan especialistas, la intensidad se debe al actual&nbsp;<strong>m\u00e1ximo solar<\/strong>, una fase natural de gran actividad que forma parte del ciclo de once a\u00f1os del Sol.<\/p>\n\n\n\n<p>En redes sociales circularon reportes sobre&nbsp;<strong>apagones generalizados<\/strong>&nbsp;en distintos estados del pa\u00eds, sin embargo, la&nbsp;<strong>Comisi\u00f3n Federal de Electricidad (CFE)<\/strong>&nbsp;no confirm\u00f3 cortes masivos. Expertos del SCIESMEX se\u00f1alaron que la tormenta solar pudo causar&nbsp;<strong>interferencias electromagn\u00e9ticas<\/strong>&nbsp;que afectaron de forma temporal servicios de comunicaci\u00f3n, internet o se\u00f1al satelital, pero no se trat\u00f3 de una falla nacional.<\/p>\n\n\n\n<p>El fen\u00f3meno tambi\u00e9n coincidi\u00f3 con el&nbsp;<strong>11 de noviembre (11\/11)<\/strong>, una fecha que en el \u00e1mbito espiritual se asocia con la apertura de portales energ\u00e9ticos. Algunos astr\u00f3logos y creyentes de la energ\u00eda aseguraron que este \u201cportal\u201d no se abr\u00eda desde hace 999 a\u00f1os y que su fuerza pudo haber influido en el campo energ\u00e9tico de la Tierra. No obstante, cient\u00edficos aclararon que&nbsp;<strong>no existe evidencia que relacione la actividad solar con eventos esot\u00e9ricos<\/strong>, insistiendo en que todo tiene una explicaci\u00f3n f\u00edsica derivada del comportamiento del Sol.<\/p>\n\n\n\n<p>Investigadores del&nbsp;<strong>Instituto de Geof\u00edsica de la UNAM<\/strong>&nbsp;explicaron que este tipo de tormentas forman parte del ciclo natural del Sol y que, aunque pueden afectar temporalmente las telecomunicaciones, no representan un peligro grave para la poblaci\u00f3n. Subrayaron adem\u00e1s que la magnitud del evento lo convierte en uno de los m\u00e1s espectaculares de los \u00faltimos a\u00f1os, comparable con los registrados en 1989 y 2003.<\/p>\n\n\n\n<blockquote class=\"wp-block-quote is-layout-flow wp-block-quote-is-layout-flow\">\n<p>\u201cLas auroras observadas desde M\u00e9xico son resultado del impacto de part\u00edculas solares en el campo magn\u00e9tico terrestre. Es un hecho excepcional y cient\u00edficamente fascinante\u201d, indicaron astr\u00f3nomos del SCIESMEX.<\/p>\n<\/blockquote>\n\n\n\n<p>La noche del martes quedar\u00e1 registrada como un momento hist\u00f3rico: M\u00e9xico fue testigo de un fen\u00f3meno c\u00f3smico pocas veces visto, mezcla de ciencia, naturaleza y energ\u00eda que ilumin\u00f3 los cielos y despert\u00f3 la curiosidad de millones.<\/p>\n\n\n\n<p>\ud83d\udcf8&nbsp;<em>Foto: Santiago Arau \u2013 Aurora boreal sobre Ciudad Obreg\u00f3n, Sonora (11 de noviembre de 2025, 9:54 p.m.)<\/em><\/p>\n","protected":false},"excerpt":{"rendered":"<p>CUERNAVACA.MOR- Durante la noche del martes 11 de noviembre se registr\u00f3 en gran parte del pa\u00eds un fen\u00f3meno inusual provocado por una fuerte tormenta solar que gener\u00f3 auroras visibles en M\u00e9xico y afectaciones leves en telecomunicaciones. El evento, considerado uno de los m\u00e1s intensos de los \u00faltimos a\u00f1os, coincidi\u00f3 con la fecha 11\/11, lo que [&hellip;]<\/p>\n","protected":false},"author":4,"featured_media":2194,"comment_status":"open","ping_status":"open","sticky":false,"template":"","format":"standard","meta":{"_jetpack_memberships_contains_paid_content":false,"footnotes":""},"categories":[6,15],"tags":[],"class_list":["post-2191","post","type-post","status-publish","format-standard","has-post-thumbnail","hentry","category-mexico","category-viral"],"jetpack_featured_media_url":"https:\/\/apdnoticias.com\/wp-content\/uploads\/2025\/11\/IMG_4614.jpeg","jetpack_sharing_enabled":true,"_links":{"self":[{"href":"https:\/\/apdnoticias.com\/index.php?rest_route=\/wp\/v2\/posts\/2191","targetHints":{"allow":["GET"]}}],"collection":[{"href":"https:\/\/apdnoticias.com\/index.php?rest_route=\/wp\/v2\/posts"}],"about":[{"href":"https:\/\/apdnoticias.com\/index.php?rest_route=\/wp\/v2\/types\/post"}],"author":[{"embeddable":true,"href":"https:\/\/apdnoticias.com\/index.php?rest_route=\/wp\/v2\/users\/4"}],"replies":[{"embeddable":true,"href":"https:\/\/apdnoticias.com\/index.php?rest_route=%2Fwp%2Fv2%2Fcomments&post=2191"}],"version-history":[{"count":2,"href":"https:\/\/apdnoticias.com\/index.php?rest_route=\/wp\/v2\/posts\/2191\/revisions"}],"predecessor-version":[{"id":2195,"href":"https:\/\/apdnoticias.com\/index.php?rest_route=\/wp\/v2\/posts\/2191\/revisions\/2195"}],"wp:featuredmedia":[{"embeddable":true,"href":"https:\/\/apdnoticias.com\/index.php?rest_route=\/wp\/v2\/media\/2194"}],"wp:attachment":[{"href":"https:\/\/apdnoticias.com\/index.php?rest_route=%2Fwp%2Fv2%2Fmedia&parent=2191"}],"wp:term":[{"taxonomy":"category","embeddable":true,"href":"https:\/\/apdnoticias.com\/index.php?rest_route=%2Fwp%2Fv2%2Fcategories&post=2191"},{"taxonomy":"post_tag","embeddable":true,"href":"https:\/\/apdnoticias.com\/index.php?rest_route=%2Fwp%2Fv2%2Ftags&post=2191"}],"curies":[{"name":"wp","href":"https:\/\/api.w.org\/{rel}","templated":true}]}}