{"id":2439,"date":"2025-12-22T22:59:03","date_gmt":"2025-12-22T22:59:03","guid":{"rendered":"https:\/\/apdnoticias.com\/?p=2439"},"modified":"2025-12-22T22:59:03","modified_gmt":"2025-12-22T22:59:03","slug":"refrenda-jose-luis-uriostegui-respaldo-a-la-policia-vial-en-encuentro-navideno","status":"publish","type":"post","link":"https:\/\/apdnoticias.com\/?p=2439","title":{"rendered":"Refrenda Jos\u00e9 Luis Uri\u00f3stegui respaldo a la polic\u00eda vial en encuentro navide\u00f1o"},"content":{"rendered":"\n<p><\/p>\n\n\n\n<p>En un ambiente de convivencia y reconocimiento, el presidente municipal de Cuernavaca, Jos\u00e9 Luis Uri\u00f3stegui Salgado, celebr\u00f3 este lunes a las y los elementos de la Polic\u00eda Vial, a quienes agradeci\u00f3 la dedicaci\u00f3n y el esfuerzo que realizan diariamente para garantizar el orden y la seguridad vial en la ciudad. Durante el encuentro, destac\u00f3 que su labor es fundamental para el adecuado funcionamiento de la movilidad urbana y para brindar tranquilidad a la ciudadan\u00eda.<\/p>\n\n\n\n<p>Acompa\u00f1ado por el secretario de Protecci\u00f3n y Auxilio Ciudadano (SEPRAC), Guillermo Delgado Garc\u00eda, y el director general de Polic\u00eda Vial, Javier Tencle Santiago, el edil dirigi\u00f3 un mensaje navide\u00f1o de reconocimiento al personal operativo, en el que los exhort\u00f3 a continuar desempe\u00f1\u00e1ndose con responsabilidad, compromiso y vocaci\u00f3n de servicio. Se\u00f1al\u00f3 que el trabajo que realiza la corporaci\u00f3n impacta directamente en la prevenci\u00f3n de accidentes y en la atenci\u00f3n oportuna a peatones y automovilistas.<\/p>\n\n\n\n<p>Finalmente, Jos\u00e9 Luis Uri\u00f3stegui refrend\u00f3 el respaldo de su administraci\u00f3n a la Polic\u00eda Vial, subrayando que se continuar\u00e1 impulsando el fortalecimiento institucional mediante mejores condiciones laborales que beneficien tanto a las y los elementos como a sus familias. La convivencia navide\u00f1a permiti\u00f3 estrechar lazos entre autoridades y personal operativo, reafirmando el compromiso de seguir trabajando de manera coordinada en beneficio de la sociedad.<\/p>\n","protected":false},"excerpt":{"rendered":"<p>En un ambiente de convivencia y reconocimiento, el presidente municipal de Cuernavaca, Jos\u00e9 Luis Uri\u00f3stegui Salgado, celebr\u00f3 este lunes a las y los elementos de la Polic\u00eda Vial, a quienes agradeci\u00f3 la dedicaci\u00f3n y el esfuerzo que realizan diariamente para garantizar el orden y la seguridad vial en la ciudad. Durante el encuentro, destac\u00f3 que [&hellip;]<\/p>\n","protected":false},"author":3,"featured_media":2440,"comment_status":"open","ping_status":"open","sticky":false,"template":"","format":"standard","meta":{"_jetpack_memberships_contains_paid_content":false,"footnotes":""},"categories":[13],"tags":[],"class_list":["post-2439","post","type-post","status-publish","format-standard","has-post-thumbnail","hentry","category-local"],"jetpack_featured_media_url":"https:\/\/apdnoticias.com\/wp-content\/uploads\/2025\/12\/5A410EA4-5557-4F87-9C12-3522DB914043.jpeg","jetpack_sharing_enabled":true,"_links":{"self":[{"href":"https:\/\/apdnoticias.com\/index.php?rest_route=\/wp\/v2\/posts\/2439","targetHints":{"allow":["GET"]}}],"collection":[{"href":"https:\/\/apdnoticias.com\/index.php?rest_route=\/wp\/v2\/posts"}],"about":[{"href":"https:\/\/apdnoticias.com\/index.php?rest_route=\/wp\/v2\/types\/post"}],"author":[{"embeddable":true,"href":"https:\/\/apdnoticias.com\/index.php?rest_route=\/wp\/v2\/users\/3"}],"replies":[{"embeddable":true,"href":"https:\/\/apdnoticias.com\/index.php?rest_route=%2Fwp%2Fv2%2Fcomments&post=2439"}],"version-history":[{"count":1,"href":"https:\/\/apdnoticias.com\/index.php?rest_route=\/wp\/v2\/posts\/2439\/revisions"}],"predecessor-version":[{"id":2441,"href":"https:\/\/apdnoticias.com\/index.php?rest_route=\/wp\/v2\/posts\/2439\/revisions\/2441"}],"wp:featuredmedia":[{"embeddable":true,"href":"https:\/\/apdnoticias.com\/index.php?rest_route=\/wp\/v2\/media\/2440"}],"wp:attachment":[{"href":"https:\/\/apdnoticias.com\/index.php?rest_route=%2Fwp%2Fv2%2Fmedia&parent=2439"}],"wp:term":[{"taxonomy":"category","embeddable":true,"href":"https:\/\/apdnoticias.com\/index.php?rest_route=%2Fwp%2Fv2%2Fcategories&post=2439"},{"taxonomy":"post_tag","embeddable":true,"href":"https:\/\/apdnoticias.com\/index.php?rest_route=%2Fwp%2Fv2%2Ftags&post=2439"}],"curies":[{"name":"wp","href":"https:\/\/api.w.org\/{rel}","templated":true}]}}