{"id":2445,"date":"2025-12-28T02:07:19","date_gmt":"2025-12-28T02:07:19","guid":{"rendered":"https:\/\/apdnoticias.com\/?p=2445"},"modified":"2025-12-28T02:07:19","modified_gmt":"2025-12-28T02:07:19","slug":"cuernavaca-recibe-nuevas-patrullas-y-refuerza-coordinacion-de-seguridad-estatal","status":"publish","type":"post","link":"https:\/\/apdnoticias.com\/?p=2445","title":{"rendered":"Cuernavaca recibe nuevas patrullas y refuerza coordinaci\u00f3n de seguridad estatal"},"content":{"rendered":"\n<p>A nombre de la ciudad, el presidente municipal de Cuernavaca, Jos\u00e9 Luis Uri\u00f3stegui Salgado, recibi\u00f3 este s\u00e1bado dos patrullas tipo pick up de doble cabina por parte del Gobierno del Estado de Morelos, encabezado por la gobernadora Margarita Gonz\u00e1lez Saravia, con lo que se reafirma la estrecha coordinaci\u00f3n que mantiene el Ayuntamiento capitalino con el Poder Ejecutivo para fortalecer la seguridad y la tranquilidad de la ciudadan\u00eda.<\/p>\n\n\n\n<p>Durante el acto de entrega de patrullas y motopatrullas a municipios del estado de Morelos, el alcalde asever\u00f3 que el trabajo conjunto entre los distintos \u00f3rdenes de gobierno ha permitido optimizar recursos, mejorar la capacidad operativa de las corporaciones policiales y reforzar las acciones de prevenci\u00f3n del delito en la capital morelense, priorizando la proximidad social y la atenci\u00f3n oportuna a la poblaci\u00f3n.<\/p>\n\n\n\n<p>Las nuevas unidades permitir\u00e1n ampliar la cobertura de vigilancia, modernizar el equipamiento de la corporaci\u00f3n municipal y reforzar la presencia institucional en colonias y zonas estrat\u00e9gicas, esto derivado del compromiso del Ayuntamiento de trabajar de manera conjunta con los distintos \u00f3rdenes de gobierno para avanzar en la construcci\u00f3n de un municipio m\u00e1s seguro y con mejores condiciones de paz social.<\/p>\n","protected":false},"excerpt":{"rendered":"<p>A nombre de la ciudad, el presidente municipal de Cuernavaca, Jos\u00e9 Luis Uri\u00f3stegui Salgado, recibi\u00f3 este s\u00e1bado dos patrullas tipo pick up de doble cabina por parte del Gobierno del Estado de Morelos, encabezado por la gobernadora Margarita Gonz\u00e1lez Saravia, con lo que se reafirma la estrecha coordinaci\u00f3n que mantiene el Ayuntamiento capitalino con el [&hellip;]<\/p>\n","protected":false},"author":3,"featured_media":2446,"comment_status":"open","ping_status":"open","sticky":false,"template":"","format":"standard","meta":{"_jetpack_memberships_contains_paid_content":false,"footnotes":""},"categories":[13],"tags":[],"class_list":["post-2445","post","type-post","status-publish","format-standard","has-post-thumbnail","hentry","category-local"],"jetpack_featured_media_url":"https:\/\/apdnoticias.com\/wp-content\/uploads\/2025\/12\/8DE82715-D250-4ECC-86E2-5D51F93D0461.jpeg","jetpack_sharing_enabled":true,"_links":{"self":[{"href":"https:\/\/apdnoticias.com\/index.php?rest_route=\/wp\/v2\/posts\/2445","targetHints":{"allow":["GET"]}}],"collection":[{"href":"https:\/\/apdnoticias.com\/index.php?rest_route=\/wp\/v2\/posts"}],"about":[{"href":"https:\/\/apdnoticias.com\/index.php?rest_route=\/wp\/v2\/types\/post"}],"author":[{"embeddable":true,"href":"https:\/\/apdnoticias.com\/index.php?rest_route=\/wp\/v2\/users\/3"}],"replies":[{"embeddable":true,"href":"https:\/\/apdnoticias.com\/index.php?rest_route=%2Fwp%2Fv2%2Fcomments&post=2445"}],"version-history":[{"count":1,"href":"https:\/\/apdnoticias.com\/index.php?rest_route=\/wp\/v2\/posts\/2445\/revisions"}],"predecessor-version":[{"id":2447,"href":"https:\/\/apdnoticias.com\/index.php?rest_route=\/wp\/v2\/posts\/2445\/revisions\/2447"}],"wp:featuredmedia":[{"embeddable":true,"href":"https:\/\/apdnoticias.com\/index.php?rest_route=\/wp\/v2\/media\/2446"}],"wp:attachment":[{"href":"https:\/\/apdnoticias.com\/index.php?rest_route=%2Fwp%2Fv2%2Fmedia&parent=2445"}],"wp:term":[{"taxonomy":"category","embeddable":true,"href":"https:\/\/apdnoticias.com\/index.php?rest_route=%2Fwp%2Fv2%2Fcategories&post=2445"},{"taxonomy":"post_tag","embeddable":true,"href":"https:\/\/apdnoticias.com\/index.php?rest_route=%2Fwp%2Fv2%2Ftags&post=2445"}],"curies":[{"name":"wp","href":"https:\/\/api.w.org\/{rel}","templated":true}]}}