{"id":2448,"date":"2025-12-29T02:31:40","date_gmt":"2025-12-29T02:31:40","guid":{"rendered":"https:\/\/apdnoticias.com\/?p=2448"},"modified":"2025-12-29T02:31:40","modified_gmt":"2025-12-29T02:31:40","slug":"ayuntamiento-de-cuernavaca-sigue-reforzando-la-capacidad-operativa-de-la-policia","status":"publish","type":"post","link":"https:\/\/apdnoticias.com\/?p=2448","title":{"rendered":"Ayuntamiento de Cuernavaca sigue reforzando la capacidad operativa de la polic\u00eda"},"content":{"rendered":"\n<p>Con el compromiso de reforzar las acciones de seguridad en Cuernavaca, el Ayuntamiento, encabezado por el alcalde Jos\u00e9 Luis Uri\u00f3stegui Salgado, autoriz\u00f3 la adquisici\u00f3n de nuevo equipamiento para la Secretar\u00eda de Protecci\u00f3n y Auxilio Ciudadano (SEPRAC), el cual permitir\u00e1 fortalecer los operativos, rondines y la presencia policial en distintos puntos de la ciudad. La inversi\u00f3n contempla la compra de cinco camionetas tipo pick up con equipamiento de patrulla, as\u00ed como cuatro motocicletas igualmente equipadas.<\/p>\n\n\n\n<p>Lo anterior, fue avalado en la 21 sesi\u00f3n extraordinaria del Comit\u00e9 de Adquisiciones, presidida por Jos\u00e9 Luis Uri\u00f3stegui Salgado, donde se aprob\u00f3 el fallo de la invitaci\u00f3n restringida a por lo menos tres proveedores para llevar a cabo el proceso de adquisici\u00f3n, mismo que se realizar\u00e1 con recursos federales contemplados en el presupuesto 2025. En este contexto, el alcalde reiter\u00f3 que la seguridad es una prioridad para la administraci\u00f3n, por lo cual continuar\u00e1n invirtiendo en equipamiento que fortalezca la capacidad operativa de la polic\u00eda.<\/p>\n\n\n\n<p>Desde la primera administraci\u00f3n de Uri\u00f3stegui Salgado, el fortalecimiento de la SEPRAC ha sido una prioridad, no \u00fanicamente a trav\u00e9s de la dotaci\u00f3n de veh\u00edculos y equipamiento, sino tambi\u00e9n mediante la mejora de las condiciones laborales, ingresos y prestaciones del personal de seguridad, con la finalidad de que cuenten con las condiciones necesarias para seguir desarrollando su labor con eficiencia y responsabilidad.<\/p>\n","protected":false},"excerpt":{"rendered":"<p>Con el compromiso de reforzar las acciones de seguridad en Cuernavaca, el Ayuntamiento, encabezado por el alcalde Jos\u00e9 Luis Uri\u00f3stegui Salgado, autoriz\u00f3 la adquisici\u00f3n de nuevo equipamiento para la Secretar\u00eda de Protecci\u00f3n y Auxilio Ciudadano (SEPRAC), el cual permitir\u00e1 fortalecer los operativos, rondines y la presencia policial en distintos puntos de la ciudad. La inversi\u00f3n [&hellip;]<\/p>\n","protected":false},"author":3,"featured_media":2449,"comment_status":"open","ping_status":"open","sticky":false,"template":"","format":"standard","meta":{"_jetpack_memberships_contains_paid_content":false,"footnotes":""},"categories":[13],"tags":[],"class_list":["post-2448","post","type-post","status-publish","format-standard","has-post-thumbnail","hentry","category-local"],"jetpack_featured_media_url":"https:\/\/apdnoticias.com\/wp-content\/uploads\/2025\/12\/38e4e85d-0840-4a05-ada0-d4199f1f6da5.jpeg","jetpack_sharing_enabled":true,"_links":{"self":[{"href":"https:\/\/apdnoticias.com\/index.php?rest_route=\/wp\/v2\/posts\/2448","targetHints":{"allow":["GET"]}}],"collection":[{"href":"https:\/\/apdnoticias.com\/index.php?rest_route=\/wp\/v2\/posts"}],"about":[{"href":"https:\/\/apdnoticias.com\/index.php?rest_route=\/wp\/v2\/types\/post"}],"author":[{"embeddable":true,"href":"https:\/\/apdnoticias.com\/index.php?rest_route=\/wp\/v2\/users\/3"}],"replies":[{"embeddable":true,"href":"https:\/\/apdnoticias.com\/index.php?rest_route=%2Fwp%2Fv2%2Fcomments&post=2448"}],"version-history":[{"count":1,"href":"https:\/\/apdnoticias.com\/index.php?rest_route=\/wp\/v2\/posts\/2448\/revisions"}],"predecessor-version":[{"id":2450,"href":"https:\/\/apdnoticias.com\/index.php?rest_route=\/wp\/v2\/posts\/2448\/revisions\/2450"}],"wp:featuredmedia":[{"embeddable":true,"href":"https:\/\/apdnoticias.com\/index.php?rest_route=\/wp\/v2\/media\/2449"}],"wp:attachment":[{"href":"https:\/\/apdnoticias.com\/index.php?rest_route=%2Fwp%2Fv2%2Fmedia&parent=2448"}],"wp:term":[{"taxonomy":"category","embeddable":true,"href":"https:\/\/apdnoticias.com\/index.php?rest_route=%2Fwp%2Fv2%2Fcategories&post=2448"},{"taxonomy":"post_tag","embeddable":true,"href":"https:\/\/apdnoticias.com\/index.php?rest_route=%2Fwp%2Fv2%2Ftags&post=2448"}],"curies":[{"name":"wp","href":"https:\/\/api.w.org\/{rel}","templated":true}]}}