{"id":2492,"date":"2026-01-14T04:57:25","date_gmt":"2026-01-14T04:57:25","guid":{"rendered":"https:\/\/apdnoticias.com\/?p=2492"},"modified":"2026-01-14T04:57:25","modified_gmt":"2026-01-14T04:57:25","slug":"cuernavaca-da-continuidad-al-programa-de-predios-ejidales-y-comunales-de-uso-habitacional","status":"publish","type":"post","link":"https:\/\/apdnoticias.com\/?p=2492","title":{"rendered":"Cuernavaca da continuidad al programa de predios ejidales y comunales de uso habitacional"},"content":{"rendered":"\n<ul class=\"wp-block-list\">\n<li>El programa permite dar de alta predios omisos con valores m\u00ednimos de 2007, ofreciendo un est\u00edmulo fiscal en el pago de cinco a\u00f1os anteriores<\/li>\n<\/ul>\n\n\n\n<p>El Cabildo del Ayuntamiento de Cuernavaca, encabezado por el alcalde Jos\u00e9 Luis Uri\u00f3stegui Salgado, invita a la poblaci\u00f3n a aprovechar el Programa de Incorporaci\u00f3n de Predios Ejidales y Comunales de Uso Habitacional, que ofrece un est\u00edmulo fiscal en el pago de cinco a\u00f1os anteriores, con vigencia hasta el 31 de diciembre de 2026.<\/p>\n\n\n\n<p>Este programa permite que las y los propietarios de predios ejidales y comunales se den de alta con el valor m\u00e1s bajo de la Tabla de Valores autorizada desde 2007, tanto por metro cuadrado de terreno como de construcci\u00f3n, pagando un costo aproximado equivalente al m\u00ednimo del impuesto predial, es decir, alrededor de 800 pesos anuales.<\/p>\n\n\n\n<p>En sesi\u00f3n ordinaria de Cabildo, el director general de Impuesto Predial y Catastro, Fernando Streber Montagne, inform\u00f3 que el a\u00f1o pasado se lograron regularizar 768 predios que estaban omisos en el pago del predial y servicios p\u00fablicos municipales, todos con constancias de posesi\u00f3n emitidas por los ejidos y comunidades correspondientes.<\/p>\n\n\n\n<p>Al respecto, el alcalde Jos\u00e9 Luis Uri\u00f3stegui Salgado aclar\u00f3 que dar de alta un predio en Catastro no afecta el r\u00e9gimen jur\u00eddico ejidal o comunal, reiterando que su administraci\u00f3n mantiene un respeto absoluto a los usos y costumbres, y a la representaci\u00f3n jur\u00eddica de los n\u00facleos ejidales y comunales, trabajando siempre en coordinaci\u00f3n sin invadir su competencia.<\/p>\n\n\n\n<p>Con este programa, impulsado desde la primera administraci\u00f3n de Uri\u00f3stegui Salgado, el Ayuntamiento de Cuernavaca busca facilitar a la ciudadan\u00eda la regularizaci\u00f3n de sus predios, promoviendo la formalidad, el acceso a servicios municipales y un mayor orden urbano, fortaleciendo as\u00ed la relaci\u00f3n entre la administraci\u00f3n y la comunidad.<\/p>\n","protected":false},"excerpt":{"rendered":"<p>El Cabildo del Ayuntamiento de Cuernavaca, encabezado por el alcalde Jos\u00e9 Luis Uri\u00f3stegui Salgado, invita a la poblaci\u00f3n a aprovechar el Programa de Incorporaci\u00f3n de Predios Ejidales y Comunales de Uso Habitacional, que ofrece un est\u00edmulo fiscal en el pago de cinco a\u00f1os anteriores, con vigencia hasta el 31 de diciembre de 2026. Este programa [&hellip;]<\/p>\n","protected":false},"author":3,"featured_media":2494,"comment_status":"open","ping_status":"open","sticky":false,"template":"","format":"standard","meta":{"_jetpack_memberships_contains_paid_content":false,"footnotes":""},"categories":[13],"tags":[],"class_list":["post-2492","post","type-post","status-publish","format-standard","has-post-thumbnail","hentry","category-local"],"jetpack_featured_media_url":"https:\/\/apdnoticias.com\/wp-content\/uploads\/2026\/01\/df7c5ba2-b8f4-40d4-8cca-6b684754e748-scaled.jpeg","jetpack_sharing_enabled":true,"_links":{"self":[{"href":"https:\/\/apdnoticias.com\/index.php?rest_route=\/wp\/v2\/posts\/2492","targetHints":{"allow":["GET"]}}],"collection":[{"href":"https:\/\/apdnoticias.com\/index.php?rest_route=\/wp\/v2\/posts"}],"about":[{"href":"https:\/\/apdnoticias.com\/index.php?rest_route=\/wp\/v2\/types\/post"}],"author":[{"embeddable":true,"href":"https:\/\/apdnoticias.com\/index.php?rest_route=\/wp\/v2\/users\/3"}],"replies":[{"embeddable":true,"href":"https:\/\/apdnoticias.com\/index.php?rest_route=%2Fwp%2Fv2%2Fcomments&post=2492"}],"version-history":[{"count":1,"href":"https:\/\/apdnoticias.com\/index.php?rest_route=\/wp\/v2\/posts\/2492\/revisions"}],"predecessor-version":[{"id":2495,"href":"https:\/\/apdnoticias.com\/index.php?rest_route=\/wp\/v2\/posts\/2492\/revisions\/2495"}],"wp:featuredmedia":[{"embeddable":true,"href":"https:\/\/apdnoticias.com\/index.php?rest_route=\/wp\/v2\/media\/2494"}],"wp:attachment":[{"href":"https:\/\/apdnoticias.com\/index.php?rest_route=%2Fwp%2Fv2%2Fmedia&parent=2492"}],"wp:term":[{"taxonomy":"category","embeddable":true,"href":"https:\/\/apdnoticias.com\/index.php?rest_route=%2Fwp%2Fv2%2Fcategories&post=2492"},{"taxonomy":"post_tag","embeddable":true,"href":"https:\/\/apdnoticias.com\/index.php?rest_route=%2Fwp%2Fv2%2Ftags&post=2492"}],"curies":[{"name":"wp","href":"https:\/\/api.w.org\/{rel}","templated":true}]}}