{"id":2501,"date":"2026-01-20T14:52:18","date_gmt":"2026-01-20T14:52:18","guid":{"rendered":"https:\/\/apdnoticias.com\/?p=2501"},"modified":"2026-01-20T14:52:18","modified_gmt":"2026-01-20T14:52:18","slug":"victor-mercado-salgado-impulsa-el-fortalecimiento-del-campo-en-jantetelco","status":"publish","type":"post","link":"https:\/\/apdnoticias.com\/?p=2501","title":{"rendered":"V\u00edctor Mercado Salgado impulsa el fortalecimiento del campo en Jantetelco"},"content":{"rendered":"\n<p><\/p>\n\n\n\n<p>Jantetelco, Mor.\u2014 El senador de Morena por Morelos, V\u00edctor Mercado Salgado, destac\u00f3 la importancia de mantener una pol\u00edtica cercana a la gente y enfocada en atender las necesidades del campo, al participar en la reinauguraci\u00f3n de la plaza de San Isidro de Amayuca, un espacio estrat\u00e9gico para la econom\u00eda de la zona oriente del estado.<\/p>\n\n\n\n<p>El legislador record\u00f3 que hace dos a\u00f1os visit\u00f3 Jantetelco para escuchar directamente a las y los productores y a pobladores, para conocer los retos de la comunidad y principales necesidades, lo que permiti\u00f3 realizar gestiones a favor del sector agr\u00edcola y la rehabilitaci\u00f3n de este importante punto de encuentro comercial.<\/p>\n\n\n\n<p>\u201cDe ah\u00ed naci\u00f3 la gesti\u00f3n para apoyar a las y los productores de Morelos y para poner en buenas condiciones la plaza de San Isidro de Amayuca, un espacio clave para la econom\u00eda de la regi\u00f3n\u201d, expres\u00f3.<\/p>\n\n\n\n<p>V\u00edctor Mercado subray\u00f3 que hoy es motivo de satisfacci\u00f3n ver los resultados de ese trabajo, ya que la reinauguraci\u00f3n de la plaza beneficiar\u00e1 directamente a las y los productores agrarios, los que fortalece la actividad econ\u00f3mica local y el desarrollo del campo morelense.<\/p>\n\n\n\n<p>Asimismo, el senador V\u00edctor Mercado agradeci\u00f3 al alcalde de Jantetelco \u00c1ngel Augusto Dom\u00ednguez S\u00e1nchez, su respaldo y apoyo para hacer realidad este proyecto.<\/p>\n\n\n\n<p>Finalmente, reiter\u00f3 su compromiso de trabajar por Morelos y mantener una cercan\u00eda permanente con la ciudadan\u00eda, al cumplir con acciones que contribuyan al bienestar del pueblo, que es una de las principales l\u00edneas del proyecto de la cuarta transformaci\u00f3n.<\/p>\n\n\n\n<p>\u201cSeguir\u00e9 trabajando por mi querido estado de Morelos, siempre cerca de la gente, cumpliendo y construyendo el bienestar para el pueblo\u201d, concluy\u00f3.<\/p>\n","protected":false},"excerpt":{"rendered":"<p>Jantetelco, Mor.\u2014 El senador de Morena por Morelos, V\u00edctor Mercado Salgado, destac\u00f3 la importancia de mantener una pol\u00edtica cercana a la gente y enfocada en atender las necesidades del campo, al participar en la reinauguraci\u00f3n de la plaza de San Isidro de Amayuca, un espacio estrat\u00e9gico para la econom\u00eda de la zona oriente del estado. [&hellip;]<\/p>\n","protected":false},"author":3,"featured_media":2502,"comment_status":"open","ping_status":"open","sticky":false,"template":"","format":"standard","meta":{"_jetpack_memberships_contains_paid_content":false,"footnotes":""},"categories":[5],"tags":[],"class_list":["post-2501","post","type-post","status-publish","format-standard","has-post-thumbnail","hentry","category-morelos"],"jetpack_featured_media_url":"https:\/\/apdnoticias.com\/wp-content\/uploads\/2026\/01\/BF728DBD-0686-4DDA-95CE-D34D12377EE6.jpeg","jetpack_sharing_enabled":true,"_links":{"self":[{"href":"https:\/\/apdnoticias.com\/index.php?rest_route=\/wp\/v2\/posts\/2501","targetHints":{"allow":["GET"]}}],"collection":[{"href":"https:\/\/apdnoticias.com\/index.php?rest_route=\/wp\/v2\/posts"}],"about":[{"href":"https:\/\/apdnoticias.com\/index.php?rest_route=\/wp\/v2\/types\/post"}],"author":[{"embeddable":true,"href":"https:\/\/apdnoticias.com\/index.php?rest_route=\/wp\/v2\/users\/3"}],"replies":[{"embeddable":true,"href":"https:\/\/apdnoticias.com\/index.php?rest_route=%2Fwp%2Fv2%2Fcomments&post=2501"}],"version-history":[{"count":1,"href":"https:\/\/apdnoticias.com\/index.php?rest_route=\/wp\/v2\/posts\/2501\/revisions"}],"predecessor-version":[{"id":2503,"href":"https:\/\/apdnoticias.com\/index.php?rest_route=\/wp\/v2\/posts\/2501\/revisions\/2503"}],"wp:featuredmedia":[{"embeddable":true,"href":"https:\/\/apdnoticias.com\/index.php?rest_route=\/wp\/v2\/media\/2502"}],"wp:attachment":[{"href":"https:\/\/apdnoticias.com\/index.php?rest_route=%2Fwp%2Fv2%2Fmedia&parent=2501"}],"wp:term":[{"taxonomy":"category","embeddable":true,"href":"https:\/\/apdnoticias.com\/index.php?rest_route=%2Fwp%2Fv2%2Fcategories&post=2501"},{"taxonomy":"post_tag","embeddable":true,"href":"https:\/\/apdnoticias.com\/index.php?rest_route=%2Fwp%2Fv2%2Ftags&post=2501"}],"curies":[{"name":"wp","href":"https:\/\/api.w.org\/{rel}","templated":true}]}}