{"id":2639,"date":"2026-03-07T03:42:20","date_gmt":"2026-03-07T03:42:20","guid":{"rendered":"https:\/\/apdnoticias.com\/?p=2639"},"modified":"2026-03-07T03:42:20","modified_gmt":"2026-03-07T03:42:20","slug":"cumplimentan-nueva-orden-de-aprehension-por-feminicidio-en-caso-kimberly","status":"publish","type":"post","link":"https:\/\/apdnoticias.com\/?p=2639","title":{"rendered":"Cumplimentan nueva orden de aprehensi\u00f3n por feminicidio en caso Kimberly"},"content":{"rendered":"\n<p>El fiscal general del estado, Fernando Blumenkron Escobar, inform\u00f3 que fue ejecutada una orden de aprehensi\u00f3n en contra de Jared Alejandro \u201cN\u201d por su presunta responsabilidad en el delito de feminicidio en agravio de la joven Kimberly Joselin.<\/p>\n\n\n\n<p>De acuerdo con la Fiscal\u00eda General del Estado de Morelos, el mandamiento judicial fue cumplimentado por elementos de la Agencia de Investigaci\u00f3n Criminal mientras el imputado permanece recluido en el Centro Estatal de Reinserci\u00f3n Social de Atlacholoaya, en el municipio de Xochitepec.<\/p>\n\n\n\n<p>Esta nueva acusaci\u00f3n se suma al proceso que ya enfrenta por el delito de desaparici\u00f3n de persona cometida por particulares agravada, por el cual recientemente fue vinculado a proceso dentro de la misma investigaci\u00f3n relacionada con<\/p>\n\n\n\n<p><\/p>\n","protected":false},"excerpt":{"rendered":"<p>El fiscal general del estado, Fernando Blumenkron Escobar, inform\u00f3 que fue ejecutada una orden de aprehensi\u00f3n en contra de Jared Alejandro \u201cN\u201d por su presunta responsabilidad en el delito de feminicidio en agravio de la joven Kimberly Joselin. De acuerdo con la Fiscal\u00eda General del Estado de Morelos, el mandamiento judicial fue cumplimentado por elementos [&hellip;]<\/p>\n","protected":false},"author":4,"featured_media":2615,"comment_status":"open","ping_status":"open","sticky":false,"template":"","format":"standard","meta":{"_jetpack_memberships_contains_paid_content":false,"footnotes":""},"categories":[13,5],"tags":[],"class_list":["post-2639","post","type-post","status-publish","format-standard","has-post-thumbnail","hentry","category-local","category-morelos"],"jetpack_featured_media_url":"https:\/\/apdnoticias.com\/wp-content\/uploads\/2026\/03\/21F3A97C-51CF-4E59-831B-5E0BED5417DF.jpeg","jetpack_sharing_enabled":true,"_links":{"self":[{"href":"https:\/\/apdnoticias.com\/index.php?rest_route=\/wp\/v2\/posts\/2639","targetHints":{"allow":["GET"]}}],"collection":[{"href":"https:\/\/apdnoticias.com\/index.php?rest_route=\/wp\/v2\/posts"}],"about":[{"href":"https:\/\/apdnoticias.com\/index.php?rest_route=\/wp\/v2\/types\/post"}],"author":[{"embeddable":true,"href":"https:\/\/apdnoticias.com\/index.php?rest_route=\/wp\/v2\/users\/4"}],"replies":[{"embeddable":true,"href":"https:\/\/apdnoticias.com\/index.php?rest_route=%2Fwp%2Fv2%2Fcomments&post=2639"}],"version-history":[{"count":1,"href":"https:\/\/apdnoticias.com\/index.php?rest_route=\/wp\/v2\/posts\/2639\/revisions"}],"predecessor-version":[{"id":2640,"href":"https:\/\/apdnoticias.com\/index.php?rest_route=\/wp\/v2\/posts\/2639\/revisions\/2640"}],"wp:featuredmedia":[{"embeddable":true,"href":"https:\/\/apdnoticias.com\/index.php?rest_route=\/wp\/v2\/media\/2615"}],"wp:attachment":[{"href":"https:\/\/apdnoticias.com\/index.php?rest_route=%2Fwp%2Fv2%2Fmedia&parent=2639"}],"wp:term":[{"taxonomy":"category","embeddable":true,"href":"https:\/\/apdnoticias.com\/index.php?rest_route=%2Fwp%2Fv2%2Fcategories&post=2639"},{"taxonomy":"post_tag","embeddable":true,"href":"https:\/\/apdnoticias.com\/index.php?rest_route=%2Fwp%2Fv2%2Ftags&post=2639"}],"curies":[{"name":"wp","href":"https:\/\/api.w.org\/{rel}","templated":true}]}}