{"id":2642,"date":"2026-03-07T22:05:24","date_gmt":"2026-03-07T22:05:24","guid":{"rendered":"https:\/\/apdnoticias.com\/?p=2642"},"modified":"2026-03-07T22:05:24","modified_gmt":"2026-03-07T22:05:24","slug":"gobierno-de-morelos-reconoce-movilizaciones-del-8m-y-garantiza-respeto-a-la-libre-manifestacion","status":"publish","type":"post","link":"https:\/\/apdnoticias.com\/?p=2642","title":{"rendered":"Gobierno de Morelos reconoce movilizaciones del 8M y garantiza respeto a la libre manifestaci\u00f3n"},"content":{"rendered":"\n<p>En el marco del&nbsp;<strong>D\u00eda Internacional de la Mujer<\/strong>, el Gobierno del Estado de Morelos reconoci\u00f3 las movilizaciones del 8 de marzo como un ejercicio leg\u00edtimo de libertad de expresi\u00f3n y de exigencia social frente a las demandas hist\u00f3ricas de las mujeres.<\/p>\n\n\n\n<p>A trav\u00e9s de un comunicado, la administraci\u00f3n encabezada por la gobernadora Margarita Gonz\u00e1lez Saravia se\u00f1al\u00f3 que estas manifestaciones representan a\u00f1os de lucha impulsada por colectivas, organizaciones y mujeres que han contribuido al avance de los derechos y a una mayor participaci\u00f3n femenina en la vida p\u00fablica.<\/p>\n\n\n\n<p>Asimismo, el gobierno estatal reiter\u00f3 que el papel de las autoridades es\u00a0garantizar el derecho a la libre manifestaci\u00f3n y salvaguardar la integridad de las participantes, por lo que distintas dependencias actuar\u00e1n en el \u00e1mbito de sus competencias para asegurar el respeto a los derechos humanos durante las movilizaciones.<\/p>\n\n\n\n<p>En este sentido, la Secretar\u00eda de Seguridad y Protecci\u00f3n Ciudadana de Morelos, en coordinaci\u00f3n con autoridades municipales, implementar\u00e1 acciones de seguridad para proteger a las manifestantes.<\/p>\n\n\n\n<p>Finalmente, el Gobierno de Morelos reiter\u00f3 su compromiso de\u00a0impulsar pol\u00edticas con perspectiva de g\u00e9nero, justicia social y respeto a los derechos de las mujeres, reconociendo la lucha hist\u00f3rica de quienes han exigido igualdad, justicia y una vida libre de violencia.<\/p>\n\n\n\n<p><\/p>\n","protected":false},"excerpt":{"rendered":"<p>En el marco del&nbsp;D\u00eda Internacional de la Mujer, el Gobierno del Estado de Morelos reconoci\u00f3 las movilizaciones del 8 de marzo como un ejercicio leg\u00edtimo de libertad de expresi\u00f3n y de exigencia social frente a las demandas hist\u00f3ricas de las mujeres. A trav\u00e9s de un comunicado, la administraci\u00f3n encabezada por la gobernadora Margarita Gonz\u00e1lez Saravia [&hellip;]<\/p>\n","protected":false},"author":4,"featured_media":2643,"comment_status":"open","ping_status":"open","sticky":false,"template":"","format":"standard","meta":{"_jetpack_memberships_contains_paid_content":false,"footnotes":""},"categories":[5],"tags":[],"class_list":["post-2642","post","type-post","status-publish","format-standard","has-post-thumbnail","hentry","category-morelos"],"jetpack_featured_media_url":"https:\/\/apdnoticias.com\/wp-content\/uploads\/2026\/03\/d53c372f-0f71-4d2d-8d3a-10e2e7c3dff4.jpeg","jetpack_sharing_enabled":true,"_links":{"self":[{"href":"https:\/\/apdnoticias.com\/index.php?rest_route=\/wp\/v2\/posts\/2642","targetHints":{"allow":["GET"]}}],"collection":[{"href":"https:\/\/apdnoticias.com\/index.php?rest_route=\/wp\/v2\/posts"}],"about":[{"href":"https:\/\/apdnoticias.com\/index.php?rest_route=\/wp\/v2\/types\/post"}],"author":[{"embeddable":true,"href":"https:\/\/apdnoticias.com\/index.php?rest_route=\/wp\/v2\/users\/4"}],"replies":[{"embeddable":true,"href":"https:\/\/apdnoticias.com\/index.php?rest_route=%2Fwp%2Fv2%2Fcomments&post=2642"}],"version-history":[{"count":1,"href":"https:\/\/apdnoticias.com\/index.php?rest_route=\/wp\/v2\/posts\/2642\/revisions"}],"predecessor-version":[{"id":2644,"href":"https:\/\/apdnoticias.com\/index.php?rest_route=\/wp\/v2\/posts\/2642\/revisions\/2644"}],"wp:featuredmedia":[{"embeddable":true,"href":"https:\/\/apdnoticias.com\/index.php?rest_route=\/wp\/v2\/media\/2643"}],"wp:attachment":[{"href":"https:\/\/apdnoticias.com\/index.php?rest_route=%2Fwp%2Fv2%2Fmedia&parent=2642"}],"wp:term":[{"taxonomy":"category","embeddable":true,"href":"https:\/\/apdnoticias.com\/index.php?rest_route=%2Fwp%2Fv2%2Fcategories&post=2642"},{"taxonomy":"post_tag","embeddable":true,"href":"https:\/\/apdnoticias.com\/index.php?rest_route=%2Fwp%2Fv2%2Ftags&post=2642"}],"curies":[{"name":"wp","href":"https:\/\/api.w.org\/{rel}","templated":true}]}}