{"id":2645,"date":"2026-03-07T23:13:08","date_gmt":"2026-03-07T23:13:08","guid":{"rendered":"https:\/\/apdnoticias.com\/?p=2645"},"modified":"2026-03-07T23:13:08","modified_gmt":"2026-03-07T23:13:08","slug":"victor-mercado-salgado-participo-en-el-consejo-nacional-de-morena-y-refrendo-su-compromiso-con-el-proyecto-de-la-cuarta-transformacion-de-mexico","status":"publish","type":"post","link":"https:\/\/apdnoticias.com\/?p=2645","title":{"rendered":"V\u00edctor Mercado Salgado particip\u00f3 en el Consejo Nacional de Morena y refrend\u00f3 su compromiso con el proyecto de la cuarta transformaci\u00f3n de M\u00e9xico"},"content":{"rendered":"\n<p>El senador por Morelos, V\u00edctor Mercado Salgado, particip\u00f3 este d\u00eda en el Consejo Nacional de Morena, un espacio clave donde se analizan y definen acciones para fortalecer el movimiento e impulsar la transformaci\u00f3n del pa\u00eds.<\/p>\n\n\n\n<p>Durante este encuentro en el que estuvieron presentes liderazgos de Morena de todo el pa\u00eds, se destac\u00f3 que la llamada Cuarta Transformaci\u00f3n es resultado de a\u00f1os de lucha social, organizaci\u00f3n y de la convicci\u00f3n de millones de mexicanas y mexicanos que decidieron cambiar el rumbo de la naci\u00f3n.<\/p>\n\n\n\n<p>\u201cEste movimiento es fruto de la lucha del pueblo, de a\u00f1os de organizaci\u00f3n y de la convicci\u00f3n de millones de personas que decidieron cambiar el rumbo del pa\u00eds\u201d, expres\u00f3 el senador morelense.<\/p>\n\n\n\n<p>Mercado Salgado subray\u00f3 que desde estos espacios de di\u00e1logo y organizaci\u00f3n se trabaja con compromiso para fortalecer al movimiento y garantizar que el bienestar, la justicia y las oportunidades lleguen a todo el territorio morelense.<\/p>\n\n\n\n<p>Asimismo, reiter\u00f3 que en esta fuerza pol\u00edtica existe claridad sobre el origen y la esencia del movimiento. \u201cEn Morena sabemos de d\u00f3nde venimos: del pueblo. Por eso cerramos filas con nuestra presidenta, Claudia Sheinbaum, y con la dirigencia de nuestro partido, para seguir empujando la transformaci\u00f3n de M\u00e9xico\u201d, se\u00f1al\u00f3.<\/p>\n\n\n\n<p>Finalmente, el senador afirm\u00f3 que con unidad, organizaci\u00f3n y convicci\u00f3n, se tendr\u00e1 un avance significativo en la consolidaci\u00f3n del proyecto de naci\u00f3n. \u201cCon unidad y convicci\u00f3n vamos a seguir haciendo historia\u201d, concluy\u00f3.<\/p>\n\n\n\n<p><\/p>\n","protected":false},"excerpt":{"rendered":"<p>El senador por Morelos, V\u00edctor Mercado Salgado, particip\u00f3 este d\u00eda en el Consejo Nacional de Morena, un espacio clave donde se analizan y definen acciones para fortalecer el movimiento e impulsar la transformaci\u00f3n del pa\u00eds. Durante este encuentro en el que estuvieron presentes liderazgos de Morena de todo el pa\u00eds, se destac\u00f3 que la llamada [&hellip;]<\/p>\n","protected":false},"author":3,"featured_media":2646,"comment_status":"open","ping_status":"open","sticky":false,"template":"","format":"standard","meta":{"_jetpack_memberships_contains_paid_content":false,"footnotes":""},"categories":[5],"tags":[],"class_list":["post-2645","post","type-post","status-publish","format-standard","has-post-thumbnail","hentry","category-morelos"],"jetpack_featured_media_url":"https:\/\/apdnoticias.com\/wp-content\/uploads\/2026\/03\/E647D533-1CE4-46B6-AEA1-F3140F1DCAF5.jpeg","jetpack_sharing_enabled":true,"_links":{"self":[{"href":"https:\/\/apdnoticias.com\/index.php?rest_route=\/wp\/v2\/posts\/2645","targetHints":{"allow":["GET"]}}],"collection":[{"href":"https:\/\/apdnoticias.com\/index.php?rest_route=\/wp\/v2\/posts"}],"about":[{"href":"https:\/\/apdnoticias.com\/index.php?rest_route=\/wp\/v2\/types\/post"}],"author":[{"embeddable":true,"href":"https:\/\/apdnoticias.com\/index.php?rest_route=\/wp\/v2\/users\/3"}],"replies":[{"embeddable":true,"href":"https:\/\/apdnoticias.com\/index.php?rest_route=%2Fwp%2Fv2%2Fcomments&post=2645"}],"version-history":[{"count":1,"href":"https:\/\/apdnoticias.com\/index.php?rest_route=\/wp\/v2\/posts\/2645\/revisions"}],"predecessor-version":[{"id":2647,"href":"https:\/\/apdnoticias.com\/index.php?rest_route=\/wp\/v2\/posts\/2645\/revisions\/2647"}],"wp:featuredmedia":[{"embeddable":true,"href":"https:\/\/apdnoticias.com\/index.php?rest_route=\/wp\/v2\/media\/2646"}],"wp:attachment":[{"href":"https:\/\/apdnoticias.com\/index.php?rest_route=%2Fwp%2Fv2%2Fmedia&parent=2645"}],"wp:term":[{"taxonomy":"category","embeddable":true,"href":"https:\/\/apdnoticias.com\/index.php?rest_route=%2Fwp%2Fv2%2Fcategories&post=2645"},{"taxonomy":"post_tag","embeddable":true,"href":"https:\/\/apdnoticias.com\/index.php?rest_route=%2Fwp%2Fv2%2Ftags&post=2645"}],"curies":[{"name":"wp","href":"https:\/\/api.w.org\/{rel}","templated":true}]}}