{"id":2654,"date":"2026-03-10T04:14:25","date_gmt":"2026-03-10T04:14:25","guid":{"rendered":"https:\/\/apdnoticias.com\/?p=2654"},"modified":"2026-03-10T04:14:25","modified_gmt":"2026-03-10T04:14:25","slug":"presenta-gobernadora-margarita-gonzales-saravia-plan-integral-de-seguridad-universitaria","status":"publish","type":"post","link":"https:\/\/apdnoticias.com\/?p=2654","title":{"rendered":"Presenta Gobernadora Margarita Gonz\u00e1les Saravia plan integral de seguridad Universitaria"},"content":{"rendered":"\n<p><em>La mandataria estatal envi\u00f3 un mensaje de solidaridad a las juventudes morelenses al asegurar que \u201cno est\u00e1n solos<\/em><\/p>\n\n\n\n<p>\u2022 <em>Hizo un llamado a las instituciones, madres y padres de familia, y a la sociedad en su conjunto a decir no a la violencia<\/em><\/p>\n\n\n\n<p>Bajo la premisa de que \u201cla seguridad de nuestras ni\u00f1as, ni\u00f1os y j\u00f3venes es una responsabilidad compartida y una prioridad\u201d, la gobernadora Margarita Gonz\u00e1lez Saravia encabez\u00f3 la presentaci\u00f3n del Plan Integral de Seguridad Universitaria, en el que participar\u00e1n diversas \u00e1reas del Poder Ejecutivo con el objetivo de que las universidades de Morelos sean espacios seguros, libres de violencia y con entornos protegidos para todas y todos los estudiantes.<\/p>\n\n\n\n<p>La estrategia se dio a conocer la ma\u00f1ana de este lunes ante representantes de los medios de comunicaci\u00f3n; en su mensaje, la mandataria se\u00f1al\u00f3 que los casos de Kimberly y Karol, estudiantes de la Universidad Aut\u00f3noma del Estado de Morelos (UAEM), \u201chan conmovido profundamente al pueblo de Morelos\u201d, por lo que reiter\u00f3 su solidaridad y acompa\u00f1amiento a sus familias, adem\u00e1s de asegurar que no habr\u00e1 impunidad.<\/p>\n\n\n\n<p>En ese sentido, la titular del Poder Ejecutivo hizo un llamado a todas las instituciones, madres y padres de familia, as\u00ed como a la sociedad en su conjunto, a fortalecer la coordinaci\u00f3n de esfuerzos para combatir la violencia hacia las y los j\u00f3venes: \u201cNo a la violencia en nuestras instituciones y en nuestros hogares, en cualquiera de sus formas\u201d.<\/p>\n\n\n\n<p>La convocatoria tambi\u00e9n se extendi\u00f3 a las y los presidentes municipales, por lo que instruy\u00f3 al secretario de Gobierno, Edgar Maldonado, a convocar de inmediato a los ayuntamientos para que se sumen a las tareas de prevenci\u00f3n de las violencias.<\/p>\n\n\n\n<p>\u201cUna comunidad fuerte es aquella donde ninguna persona camina sola, donde cada quien sabe que hay otras dispuestas a escuchar, a proteger y a actuar cuando sea necesario. Donde cada ni\u00f1a, cada ni\u00f1o y cada joven encuentre apoyo oportuno antes de que un problema se convierta en una tragedia\u201d, puntualiz\u00f3 la Gobernadora.<\/p>\n\n\n\n<p>Margarita Gonz\u00e1lez Saravia resalt\u00f3 que su administraci\u00f3n ha implementado diversas acciones de prevenci\u00f3n en las escuelas: en preescolar el programa Nuestros Valores; en primaria Vive Saludable, Vive Feliz; en secundaria la estrategia Calm\u00e9cac, enfocada en la prevenci\u00f3n de adicciones; y en preparatoria Telpochcalli, que brinda acompa\u00f1amiento a j\u00f3venes que enfrentan problemas de depresi\u00f3n, abuso o consumo de sustancias.<\/p>\n\n\n\n<p>Para atender a las y los estudiantes de nivel superior, la titular del Poder Ejecutivo present\u00f3 el Plan Integral de Seguridad Universitaria, a trav\u00e9s del cual se atender\u00e1n varios frentes: \u201cPrimero, fortaleceremos la seguridad en los entornos universitarios, en coordinaci\u00f3n con los municipios y las autoridades universitarias, para garantizar trayectos seguros hacia y desde los campus\u201d.<\/p>\n\n\n\n<p>La mandataria agreg\u00f3 que tambi\u00e9n se mejorar\u00e1 la infraestructura de seguridad en las zonas universitarias, mediante iluminaci\u00f3n, vigilancia y mecanismos de atenci\u00f3n inmediata. Asimismo, se reforzar\u00e1n las acciones de prevenci\u00f3n y acompa\u00f1amiento para las y los estudiantes, brind\u00e1ndoles atenci\u00f3n psicol\u00f3gica, orientaci\u00f3n y mecanismos de denuncia seguros.<\/p>\n\n\n\n<p>Como cuarto punto, la mandataria estata destac\u00f3 la participaci\u00f3n activa de las y los estudiantes en la construcci\u00f3n de su seguridad. \u201cPor ello impulsaremos la creaci\u00f3n de Consejos Estudiantiles de Seguridad Universitaria en cada campus y en cada universidad del estado. Esto permitir\u00e1 que las y los estudiantes participen directamente en la identificaci\u00f3n de riesgos, la propuesta de soluciones y el seguimiento de las acciones de seguridad\u201d.<\/p>\n\n\n\n<p>Las acciones contemplan medidas inmediatas en el campus Chamilpa de la UAEM, as\u00ed como en los campus Jicarero, en Jojutla, y Xalostoc, en Ayala.<\/p>\n\n\n\n<p>Al puntualizar que el Gobierno del Estado acompa\u00f1ar\u00e1 a las universidades no s\u00f3lo en materia de seguridad, sino tambi\u00e9n mediante programas de cultura, deporte, salud y fortalecimiento educativo, Margarita Gonz\u00e1lez Saravia expres\u00f3: \u201cQueremos que nuestras universidades sean espacios donde las y los j\u00f3venes no s\u00f3lo estudien, sino donde tambi\u00e9n puedan desarrollarse plenamente como personas\u201d.<\/p>\n\n\n\n<p>En ese sentido, la titular del Ejecutivo estatal envi\u00f3 un mensaje de solidaridad a las juventudes morelenses al asegurar que \u201cno est\u00e1n solos, este gobierno est\u00e1 con ustedes. Estamos comprometidos a trabajar todos los d\u00edas para construir un Morelos donde nuestras hijas e hijos puedan estudiar, vivir y so\u00f1ar sin miedo\u201d.<\/p>\n\n\n\n<p>En el Plan Integral de Seguridad Universitaria participar\u00e1n las secretar\u00edas de Seguridad y Protecci\u00f3n Ciudadana (SSPC) Morelos, de las Mujeres, Educaci\u00f3n, Cultura, Infraestructura, Administraci\u00f3n y Finanzas, as\u00ed como la Coordinaci\u00f3n Estatal de Protecci\u00f3n Civil Morelos, cuyos titulares presentaron las acciones a emprender.<\/p>\n\n\n\n<p><\/p>\n","protected":false},"excerpt":{"rendered":"<p>La mandataria estatal envi\u00f3 un mensaje de solidaridad a las juventudes morelenses al asegurar que \u201cno est\u00e1n solos \u2022 Hizo un llamado a las instituciones, madres y padres de familia, y a la sociedad en su conjunto a decir no a la violencia Bajo la premisa de que \u201cla seguridad de nuestras ni\u00f1as, ni\u00f1os y [&hellip;]<\/p>\n","protected":false},"author":4,"featured_media":2655,"comment_status":"open","ping_status":"open","sticky":false,"template":"","format":"standard","meta":{"_jetpack_memberships_contains_paid_content":false,"footnotes":""},"categories":[5],"tags":[],"class_list":["post-2654","post","type-post","status-publish","format-standard","has-post-thumbnail","hentry","category-morelos"],"jetpack_featured_media_url":"https:\/\/apdnoticias.com\/wp-content\/uploads\/2026\/03\/5BA04AFD-642C-4E42-A6BA-F9985F772954.jpeg","jetpack_sharing_enabled":true,"_links":{"self":[{"href":"https:\/\/apdnoticias.com\/index.php?rest_route=\/wp\/v2\/posts\/2654","targetHints":{"allow":["GET"]}}],"collection":[{"href":"https:\/\/apdnoticias.com\/index.php?rest_route=\/wp\/v2\/posts"}],"about":[{"href":"https:\/\/apdnoticias.com\/index.php?rest_route=\/wp\/v2\/types\/post"}],"author":[{"embeddable":true,"href":"https:\/\/apdnoticias.com\/index.php?rest_route=\/wp\/v2\/users\/4"}],"replies":[{"embeddable":true,"href":"https:\/\/apdnoticias.com\/index.php?rest_route=%2Fwp%2Fv2%2Fcomments&post=2654"}],"version-history":[{"count":1,"href":"https:\/\/apdnoticias.com\/index.php?rest_route=\/wp\/v2\/posts\/2654\/revisions"}],"predecessor-version":[{"id":2656,"href":"https:\/\/apdnoticias.com\/index.php?rest_route=\/wp\/v2\/posts\/2654\/revisions\/2656"}],"wp:featuredmedia":[{"embeddable":true,"href":"https:\/\/apdnoticias.com\/index.php?rest_route=\/wp\/v2\/media\/2655"}],"wp:attachment":[{"href":"https:\/\/apdnoticias.com\/index.php?rest_route=%2Fwp%2Fv2%2Fmedia&parent=2654"}],"wp:term":[{"taxonomy":"category","embeddable":true,"href":"https:\/\/apdnoticias.com\/index.php?rest_route=%2Fwp%2Fv2%2Fcategories&post=2654"},{"taxonomy":"post_tag","embeddable":true,"href":"https:\/\/apdnoticias.com\/index.php?rest_route=%2Fwp%2Fv2%2Ftags&post=2654"}],"curies":[{"name":"wp","href":"https:\/\/api.w.org\/{rel}","templated":true}]}}