{"id":2657,"date":"2026-03-10T04:21:33","date_gmt":"2026-03-10T04:21:33","guid":{"rendered":"https:\/\/apdnoticias.com\/?p=2657"},"modified":"2026-03-10T04:21:33","modified_gmt":"2026-03-10T04:21:33","slug":"gobierno-de-morelos-presenta-plan-integral-de-seguridad-universitaria","status":"publish","type":"post","link":"https:\/\/apdnoticias.com\/?p=2657","title":{"rendered":"Gobierno de Morelos presenta Plan Integral de Seguridad Universitaria"},"content":{"rendered":"\n<p>La gobernadora de\u00a0Margarita Gonz\u00e1lez Saravia\u00a0present\u00f3 este lunes el\u00a0Plan Integral de Seguridad Universitaria, una estrategia que busca reforzar la seguridad en instituciones de educaci\u00f3n superior del estado y garantizar entornos m\u00e1s seguros para las y los estudiantes.<\/p>\n\n\n\n<p>Durante el anuncio, la mandataria se\u00f1al\u00f3 que este programa se implementar\u00e1 en coordinaci\u00f3n con distintas dependencias del gobierno estatal, autoridades universitarias y municipios, con el objetivo de fortalecer la vigilancia en zonas cercanas a los campus, mejorar la iluminaci\u00f3n, reforzar la atenci\u00f3n a estudiantes y establecer mecanismos de denuncia.<\/p>\n\n\n\n<p>La presentaci\u00f3n se dio tras los casos de las estudiantes Kimberly y Karol de la\u00a0Universidad Aut\u00f3noma del Estado de Morelos (UAEM), hechos que dijo han generado indignaci\u00f3n entre la comunidad universitaria. Ante ello, reiter\u00f3 su solidaridad con las familias y asegur\u00f3 que no habr\u00e1 impunidad absoluta.<\/p>\n\n\n\n<p>Entre las acciones planteadas se contempla crear\u00a0Consejos Estudiantiles de Seguridad\u00a0en cada campus para que las y los j\u00f3venes participen en la identificaci\u00f3n de riesgos y propuestas de prevenci\u00f3n.<\/p>\n\n\n\n<p>Las primeras medidas se aplicar\u00e1n en instalaciones de la\u00a0UAEM, particularmente en el campus Chamilpa en\u00a0Cuernavaca, as\u00ed como en sedes de\u00a0Jojutla\u00a0y\u00a0Ayala.<\/p>\n\n\n\n<p>El plan contar\u00e1 con la participaci\u00f3n de dependencias como la\u00a0Secretar\u00eda de Seguridad y Protecci\u00f3n Ciudadana de Morelos, adem\u00e1s de \u00e1reas de educaci\u00f3n, cultura, infraestructura y protecci\u00f3n civil.<\/p>\n\n\n\n<p><\/p>\n","protected":false},"excerpt":{"rendered":"<p>La gobernadora de\u00a0Margarita Gonz\u00e1lez Saravia\u00a0present\u00f3 este lunes el\u00a0Plan Integral de Seguridad Universitaria, una estrategia que busca reforzar la seguridad en instituciones de educaci\u00f3n superior del estado y garantizar entornos m\u00e1s seguros para las y los estudiantes. Durante el anuncio, la mandataria se\u00f1al\u00f3 que este programa se implementar\u00e1 en coordinaci\u00f3n con distintas dependencias del gobierno estatal, [&hellip;]<\/p>\n","protected":false},"author":4,"featured_media":2655,"comment_status":"open","ping_status":"open","sticky":false,"template":"","format":"standard","meta":{"_jetpack_memberships_contains_paid_content":false,"footnotes":""},"categories":[5],"tags":[],"class_list":["post-2657","post","type-post","status-publish","format-standard","has-post-thumbnail","hentry","category-morelos"],"jetpack_featured_media_url":"https:\/\/apdnoticias.com\/wp-content\/uploads\/2026\/03\/5BA04AFD-642C-4E42-A6BA-F9985F772954.jpeg","jetpack_sharing_enabled":true,"_links":{"self":[{"href":"https:\/\/apdnoticias.com\/index.php?rest_route=\/wp\/v2\/posts\/2657","targetHints":{"allow":["GET"]}}],"collection":[{"href":"https:\/\/apdnoticias.com\/index.php?rest_route=\/wp\/v2\/posts"}],"about":[{"href":"https:\/\/apdnoticias.com\/index.php?rest_route=\/wp\/v2\/types\/post"}],"author":[{"embeddable":true,"href":"https:\/\/apdnoticias.com\/index.php?rest_route=\/wp\/v2\/users\/4"}],"replies":[{"embeddable":true,"href":"https:\/\/apdnoticias.com\/index.php?rest_route=%2Fwp%2Fv2%2Fcomments&post=2657"}],"version-history":[{"count":1,"href":"https:\/\/apdnoticias.com\/index.php?rest_route=\/wp\/v2\/posts\/2657\/revisions"}],"predecessor-version":[{"id":2658,"href":"https:\/\/apdnoticias.com\/index.php?rest_route=\/wp\/v2\/posts\/2657\/revisions\/2658"}],"wp:featuredmedia":[{"embeddable":true,"href":"https:\/\/apdnoticias.com\/index.php?rest_route=\/wp\/v2\/media\/2655"}],"wp:attachment":[{"href":"https:\/\/apdnoticias.com\/index.php?rest_route=%2Fwp%2Fv2%2Fmedia&parent=2657"}],"wp:term":[{"taxonomy":"category","embeddable":true,"href":"https:\/\/apdnoticias.com\/index.php?rest_route=%2Fwp%2Fv2%2Fcategories&post=2657"},{"taxonomy":"post_tag","embeddable":true,"href":"https:\/\/apdnoticias.com\/index.php?rest_route=%2Fwp%2Fv2%2Ftags&post=2657"}],"curies":[{"name":"wp","href":"https:\/\/api.w.org\/{rel}","templated":true}]}}