{"id":2662,"date":"2026-03-13T02:00:11","date_gmt":"2026-03-13T02:00:11","guid":{"rendered":"https:\/\/apdnoticias.com\/?p=2662"},"modified":"2026-03-13T02:00:11","modified_gmt":"2026-03-13T02:00:11","slug":"vinculan-a-proceso-a-joven-por-feminicidio-de-estudiante-de-la-uaem","status":"publish","type":"post","link":"https:\/\/apdnoticias.com\/?p=2662","title":{"rendered":"Vinculan a proceso a joven por feminicidio de estudiante de la UAEM"},"content":{"rendered":"\n<p>Un juez de\u00a0Morelos\u00a0vincul\u00f3 a proceso a Jared Alejandro N\u00a0por su presunta participaci\u00f3n en el feminicidio de\u00a0Kimberly R\u00edos, cuyo cuerpo fue localizado cerca de la\u00a0Universidad Aut\u00f3noma del Estado de Morelos\u00a0tras haber sido reportada como desaparecida el pasado 20 de febrero.<\/p>\n\n\n\n<p>La decisi\u00f3n fue tomada durante una audiencia realizada en la\u00a0Ciudad Judicial de Atlacholoaya, donde el juez determin\u00f3 que existen elementos suficientes presentados por la\u00a0Fiscal\u00eda General del Estado de Morelos\u00a0para continuar el proceso penal.<\/p>\n\n\n\n<p>Como medida cautelar, el imputado permanecer\u00e1 en prisi\u00f3n preventiva. Adem\u00e1s, la autoridad judicial estableci\u00f3 un plazo de seis meses para el cierre de la investigaci\u00f3n complementaria.<\/p>\n\n\n\n<p>Durante la audiencia se orden\u00f3 que la v\u00edctima sea identificada \u00fanicamente por sus iniciales para evitar su revictimizaci\u00f3n, adem\u00e1s de solicitar que no se difundan detalles de las pruebas presentadas, con el fin de no afectar las investigaciones en curso.<\/p>\n\n\n\n<p>Las indagatorias de la Fiscal\u00eda se\u00f1alan que el acusado habr\u00eda participado en la privaci\u00f3n de la vida de la joven. La orden de aprehensi\u00f3n en su contra fue cumplimentada por agentes de la\u00a0Agencia de Investigaci\u00f3n Criminal\u00a0cuando el se\u00f1alado ya se encontraba recluido en el\u00a0Centro Estatal de Reinserci\u00f3n Social Morelos, donde enfrenta otro proceso por desaparici\u00f3n forzada agravada relacionado con el mismo caso. \ud83d\udea8<\/p>\n\n\n\n<p><\/p>\n","protected":false},"excerpt":{"rendered":"<p>Un juez de\u00a0Morelos\u00a0vincul\u00f3 a proceso a Jared Alejandro N\u00a0por su presunta participaci\u00f3n en el feminicidio de\u00a0Kimberly R\u00edos, cuyo cuerpo fue localizado cerca de la\u00a0Universidad Aut\u00f3noma del Estado de Morelos\u00a0tras haber sido reportada como desaparecida el pasado 20 de febrero. La decisi\u00f3n fue tomada durante una audiencia realizada en la\u00a0Ciudad Judicial de Atlacholoaya, donde el juez [&hellip;]<\/p>\n","protected":false},"author":4,"featured_media":2663,"comment_status":"open","ping_status":"open","sticky":false,"template":"","format":"standard","meta":{"_jetpack_memberships_contains_paid_content":false,"footnotes":""},"categories":[5],"tags":[],"class_list":["post-2662","post","type-post","status-publish","format-standard","has-post-thumbnail","hentry","category-morelos"],"jetpack_featured_media_url":"https:\/\/apdnoticias.com\/wp-content\/uploads\/2026\/03\/D9218472-0998-4856-BDE8-BBF203861ACB.jpeg","jetpack_sharing_enabled":true,"_links":{"self":[{"href":"https:\/\/apdnoticias.com\/index.php?rest_route=\/wp\/v2\/posts\/2662","targetHints":{"allow":["GET"]}}],"collection":[{"href":"https:\/\/apdnoticias.com\/index.php?rest_route=\/wp\/v2\/posts"}],"about":[{"href":"https:\/\/apdnoticias.com\/index.php?rest_route=\/wp\/v2\/types\/post"}],"author":[{"embeddable":true,"href":"https:\/\/apdnoticias.com\/index.php?rest_route=\/wp\/v2\/users\/4"}],"replies":[{"embeddable":true,"href":"https:\/\/apdnoticias.com\/index.php?rest_route=%2Fwp%2Fv2%2Fcomments&post=2662"}],"version-history":[{"count":1,"href":"https:\/\/apdnoticias.com\/index.php?rest_route=\/wp\/v2\/posts\/2662\/revisions"}],"predecessor-version":[{"id":2664,"href":"https:\/\/apdnoticias.com\/index.php?rest_route=\/wp\/v2\/posts\/2662\/revisions\/2664"}],"wp:featuredmedia":[{"embeddable":true,"href":"https:\/\/apdnoticias.com\/index.php?rest_route=\/wp\/v2\/media\/2663"}],"wp:attachment":[{"href":"https:\/\/apdnoticias.com\/index.php?rest_route=%2Fwp%2Fv2%2Fmedia&parent=2662"}],"wp:term":[{"taxonomy":"category","embeddable":true,"href":"https:\/\/apdnoticias.com\/index.php?rest_route=%2Fwp%2Fv2%2Fcategories&post=2662"},{"taxonomy":"post_tag","embeddable":true,"href":"https:\/\/apdnoticias.com\/index.php?rest_route=%2Fwp%2Fv2%2Ftags&post=2662"}],"curies":[{"name":"wp","href":"https:\/\/api.w.org\/{rel}","templated":true}]}}