{"id":289,"date":"2024-10-02T01:09:19","date_gmt":"2024-10-02T01:09:19","guid":{"rendered":"http:\/\/apdnoticias.com\/?p=289"},"modified":"2024-10-02T01:09:19","modified_gmt":"2024-10-02T01:09:19","slug":"da-la-bienvenida-jose-luis-uriostegui-a-la-nueva-gobernadora-de-morelos-margarita-gonzalez-saravia","status":"publish","type":"post","link":"https:\/\/apdnoticias.com\/?p=289","title":{"rendered":"Da la bienvenida Jos\u00e9 Luis Uri\u00f3stegui a la nueva gobernadora de Morelos Margarita Gonz\u00e1lez Saravia"},"content":{"rendered":"\n<p>El presidente municipal de Cuernavaca acudi\u00f3 como invitado a la toma de protesta de la primera Gobernadora Constitucional del Estado<\/p>\n\n\n\n<p>\u00b0 Conf\u00edo en que habr\u00e1 mayor apertura y coordinaci\u00f3n con los municipios a partir de una perspectiva metropolitana para el caso de la ciudad capital<\/p>\n\n\n\n<p>El presidente municipal de Cuernavaca, Jos\u00e9 Luis Uri\u00f3stegui Salgado, acompa\u00f1ado de su esposa, Luz Mar\u00eda Zagal Guzm\u00e1n, presidenta del Sistema Municipal DIF, asisti\u00f3 a la ceremonia de toma de protesta de Margarita Gonz\u00e1lez Saravia Calder\u00f3n como la primera Gobernadora Constitucional de Morelos, a quien reiter\u00f3 su voluntad de apertura para trabajar de manera coordinada por el bienestar y desarrollo de los cuernavaquenses y morelenses en general, dejando de lado divisiones que prevalecieron durante dos sexenios entre el Poder Ejecutivo y el Ayuntamiento.<\/p>\n\n\n\n<p>Jos\u00e9 Luis Uri\u00f3stegui presenci\u00f3 la sesi\u00f3n p\u00fablica y solemne de la LVI Legislatura del Congreso del Estado, donde afirm\u00f3 que el cambio del Poder Ejecutivo genera expectativas de que habr\u00e1 actitudes distintas, tanto de la Gobernadora como de su gabinete hacia los municipios, declarandose listo para el di\u00e1logo y la presentaci\u00f3n de una estrategia de trabajo conjunto.<\/p>\n\n\n\n<p>En este sentido, resalt\u00f3 la necesidad de trabajar a partir de una visi\u00f3n integral de desarrollo, desde la \u00f3ptica metropolitana en temas universales y que afectan a todos los municipios, como es la dotaci\u00f3n de agua potable, la protecci\u00f3n al medio ambiente, la infraestructura, la inversi\u00f3n econ\u00f3mica, el desarrollo tur\u00edstico y la seguridad p\u00fablica.<\/p>\n\n\n\n<p>Para este \u00faltimo rubro, se\u00f1al\u00f3 que el Cabildo de Cuernavaca aprob\u00f3 la firma de un convenio de colaboraci\u00f3n con el Gobierno Estatal que garantice una efectiva coordinaci\u00f3n en materia de prevenci\u00f3n del delito y construcci\u00f3n de paz, consolidando los avances que se han tenido en la materia durante estos casi tres a\u00f1os de administraci\u00f3n.<\/p>\n\n\n\n<p>El presidente municipal Jos\u00e9 Luis Uri\u00f3stegui, sostuvo que, si bien le ha tocado participar en varias transiciones del Poder Ejecutivo, \u00e9ste genera una expectativa mayor al ser la primera Gobernadora del Estado, una mujer morelense que conoce la problem\u00e1tica local y con quien se tiene buena relaci\u00f3n, sentando las bases para colaborar en temas espec\u00edficos que dijo estar seguro, traer\u00e1n grandes beneficios para la ciudad de Cuernavaca y sus habitantes.<\/p>\n","protected":false},"excerpt":{"rendered":"<p>El presidente municipal de Cuernavaca acudi\u00f3 como invitado a la toma de protesta de la primera Gobernadora Constitucional del Estado \u00b0 Conf\u00edo en que habr\u00e1 mayor apertura y coordinaci\u00f3n con los municipios a partir de una perspectiva metropolitana para el caso de la ciudad capital El presidente municipal de Cuernavaca, Jos\u00e9 Luis Uri\u00f3stegui Salgado, acompa\u00f1ado [&hellip;]<\/p>\n","protected":false},"author":3,"featured_media":290,"comment_status":"open","ping_status":"open","sticky":false,"template":"","format":"standard","meta":{"_jetpack_memberships_contains_paid_content":false,"footnotes":""},"categories":[5],"tags":[],"class_list":["post-289","post","type-post","status-publish","format-standard","has-post-thumbnail","hentry","category-morelos"],"jetpack_featured_media_url":"https:\/\/apdnoticias.com\/wp-content\/uploads\/2024\/10\/870705c5-37cd-44f2-81d0-55b02059f30f.jpeg","jetpack_sharing_enabled":true,"_links":{"self":[{"href":"https:\/\/apdnoticias.com\/index.php?rest_route=\/wp\/v2\/posts\/289","targetHints":{"allow":["GET"]}}],"collection":[{"href":"https:\/\/apdnoticias.com\/index.php?rest_route=\/wp\/v2\/posts"}],"about":[{"href":"https:\/\/apdnoticias.com\/index.php?rest_route=\/wp\/v2\/types\/post"}],"author":[{"embeddable":true,"href":"https:\/\/apdnoticias.com\/index.php?rest_route=\/wp\/v2\/users\/3"}],"replies":[{"embeddable":true,"href":"https:\/\/apdnoticias.com\/index.php?rest_route=%2Fwp%2Fv2%2Fcomments&post=289"}],"version-history":[{"count":1,"href":"https:\/\/apdnoticias.com\/index.php?rest_route=\/wp\/v2\/posts\/289\/revisions"}],"predecessor-version":[{"id":291,"href":"https:\/\/apdnoticias.com\/index.php?rest_route=\/wp\/v2\/posts\/289\/revisions\/291"}],"wp:featuredmedia":[{"embeddable":true,"href":"https:\/\/apdnoticias.com\/index.php?rest_route=\/wp\/v2\/media\/290"}],"wp:attachment":[{"href":"https:\/\/apdnoticias.com\/index.php?rest_route=%2Fwp%2Fv2%2Fmedia&parent=289"}],"wp:term":[{"taxonomy":"category","embeddable":true,"href":"https:\/\/apdnoticias.com\/index.php?rest_route=%2Fwp%2Fv2%2Fcategories&post=289"},{"taxonomy":"post_tag","embeddable":true,"href":"https:\/\/apdnoticias.com\/index.php?rest_route=%2Fwp%2Fv2%2Ftags&post=289"}],"curies":[{"name":"wp","href":"https:\/\/api.w.org\/{rel}","templated":true}]}}