{"id":295,"date":"2024-10-04T01:47:26","date_gmt":"2024-10-04T01:47:26","guid":{"rendered":"http:\/\/apdnoticias.com\/?p=295"},"modified":"2024-10-04T01:47:26","modified_gmt":"2024-10-04T01:47:26","slug":"ayuntamiento-de-cuernavaca-reforzara-el-rescate-de-la-imagen-publica-y-de-los-espacios-publicos","status":"publish","type":"post","link":"https:\/\/apdnoticias.com\/?p=295","title":{"rendered":"Ayuntamiento de Cuernavaca reforzar\u00e1 el rescate de la imagen p\u00fablica y de los espacios p\u00fablicos"},"content":{"rendered":"\n<p>El presidente municipal de Cuernavaca, Jos\u00e9 Luis Uri\u00f3stegui Salgado, sostuvo una reuni\u00f3n de trabajo con titulares de las distintas \u00e1reas que conforman la Secretar\u00eda de Desarrollo Sustentable y Servicios P\u00fablicos, a quienes instruy\u00f3 a reforzar en estos \u00faltimos meses de la administraci\u00f3n la atenci\u00f3n a la ciudadan\u00eda, manteniendo las labores de embellecimiento, rescate de la imagen urbana y espacios p\u00fablicos de la ciudad capital.<\/p>\n\n\n\n<p>Tras escuchar informes sobre las diferentes \u00e1reas operativas y administrativas, el alcalde les encomend\u00f3 a seguir trabajando con responsabilidad para cumplir con los objetivos que se les han conferido, al ser particularmente una dependencia necesaria que la administraci\u00f3n ha fortalecido con equipamiento y dignificaci\u00f3n en las condiciones laborales, para continuar atendiendo rubros que no solo mejoran la imagen de la ciudad, sino la calidad de vida de la poblaci\u00f3n.<\/p>\n\n\n\n<p>En la reuni\u00f3n donde estuvieron presentes Guillermo L\u00f3pez Mej\u00eda, encargado de despacho de la Secretar\u00eda de Desarrollo Sustentable y Servicios P\u00fablicos, la fiscal ambiental y directivos de Desarrollo Sustentable, del \u00e1rea administrativa, de Servicios P\u00fablicos, del Rastro Municipal, de Panteones y de Servicios Urbanos, se inform\u00f3 que a partir de este lunes 07 de octubre iniciar\u00e1n un trabajo coordinado de atenci\u00f3n y limpieza con los ayudantes municipales que conocen de primera mano las necesidades de los 12 pueblos originarios.<\/p>\n","protected":false},"excerpt":{"rendered":"<p>El presidente municipal de Cuernavaca, Jos\u00e9 Luis Uri\u00f3stegui Salgado, sostuvo una reuni\u00f3n de trabajo con titulares de las distintas \u00e1reas que conforman la Secretar\u00eda de Desarrollo Sustentable y Servicios P\u00fablicos, a quienes instruy\u00f3 a reforzar en estos \u00faltimos meses de la administraci\u00f3n la atenci\u00f3n a la ciudadan\u00eda, manteniendo las labores de embellecimiento, rescate de la [&hellip;]<\/p>\n","protected":false},"author":3,"featured_media":296,"comment_status":"open","ping_status":"open","sticky":false,"template":"","format":"standard","meta":{"_jetpack_memberships_contains_paid_content":false,"footnotes":""},"categories":[5],"tags":[],"class_list":["post-295","post","type-post","status-publish","format-standard","has-post-thumbnail","hentry","category-morelos"],"jetpack_featured_media_url":"https:\/\/apdnoticias.com\/wp-content\/uploads\/2024\/10\/beb1af61-f9aa-4db1-8c7c-553ab8ac7803.jpeg","jetpack_sharing_enabled":true,"_links":{"self":[{"href":"https:\/\/apdnoticias.com\/index.php?rest_route=\/wp\/v2\/posts\/295","targetHints":{"allow":["GET"]}}],"collection":[{"href":"https:\/\/apdnoticias.com\/index.php?rest_route=\/wp\/v2\/posts"}],"about":[{"href":"https:\/\/apdnoticias.com\/index.php?rest_route=\/wp\/v2\/types\/post"}],"author":[{"embeddable":true,"href":"https:\/\/apdnoticias.com\/index.php?rest_route=\/wp\/v2\/users\/3"}],"replies":[{"embeddable":true,"href":"https:\/\/apdnoticias.com\/index.php?rest_route=%2Fwp%2Fv2%2Fcomments&post=295"}],"version-history":[{"count":1,"href":"https:\/\/apdnoticias.com\/index.php?rest_route=\/wp\/v2\/posts\/295\/revisions"}],"predecessor-version":[{"id":297,"href":"https:\/\/apdnoticias.com\/index.php?rest_route=\/wp\/v2\/posts\/295\/revisions\/297"}],"wp:featuredmedia":[{"embeddable":true,"href":"https:\/\/apdnoticias.com\/index.php?rest_route=\/wp\/v2\/media\/296"}],"wp:attachment":[{"href":"https:\/\/apdnoticias.com\/index.php?rest_route=%2Fwp%2Fv2%2Fmedia&parent=295"}],"wp:term":[{"taxonomy":"category","embeddable":true,"href":"https:\/\/apdnoticias.com\/index.php?rest_route=%2Fwp%2Fv2%2Fcategories&post=295"},{"taxonomy":"post_tag","embeddable":true,"href":"https:\/\/apdnoticias.com\/index.php?rest_route=%2Fwp%2Fv2%2Ftags&post=295"}],"curies":[{"name":"wp","href":"https:\/\/api.w.org\/{rel}","templated":true}]}}