{"id":2960,"date":"2026-04-26T20:46:42","date_gmt":"2026-04-26T20:46:42","guid":{"rendered":"https:\/\/apdnoticias.com\/?p=2960"},"modified":"2026-04-26T20:46:42","modified_gmt":"2026-04-26T20:46:42","slug":"uaem-acuerda-retorno-a-clases-virtuales-tras-dialogo-con-estudiantes","status":"publish","type":"post","link":"https:\/\/apdnoticias.com\/?p=2960","title":{"rendered":"UAEM acuerda retorno a clases virtuales tras di\u00e1logo con estudiantes"},"content":{"rendered":"\n<p>CUERNAVACA-MOR. La Rector\u00eda de la Universidad Aut\u00f3noma del Estado de Morelos (UAEM) y el grupo estudiantil Resistencia Universitaria alcanzaron un acuerdo para reanudar actividades acad\u00e9micas en modalidad virtual a partir del jueves 30 de abril.<\/p>\n\n\n\n<p>La decisi\u00f3n se tom\u00f3 mientras se eval\u00faan las condiciones de las instalaciones universitarias, tras m\u00e1s de 50 d\u00edas de suspensi\u00f3n de clases y toma de espacios derivadas de las protestas por los feminicidios de las estudiantes Kimberly Ramos y Karol Toledo.<\/p>\n\n\n\n<p>Como parte del acuerdo, este lunes comisiones de ambas partes realizar\u00e1n recorridos para diagnosticar el estado de los planteles. Adem\u00e1s, se prev\u00e9 la entrega de las instalaciones a la Rector\u00eda y la reactivaci\u00f3n del grupo de apoyo universitario conocido como \u201cLos Venados\u201d, en coordinaci\u00f3n con los estudiantes.<\/p>\n\n\n\n<p>El movimiento fue reconocido como interlocutor principal del alumnado durante el proceso, lo que deja fuera a la Federaci\u00f3n de Estudiantes Universitarios de Morelos de las negociaciones.<\/p>\n\n\n\n<p>Las partes volver\u00e1n a reunirse el pr\u00f3ximo 28 de abril para definir el posible regreso a clases presenciales, la recuperaci\u00f3n del semestre y la rehabilitaci\u00f3n de espacios afectados.<\/p>\n\n\n\n<p>#Morelos #UAEM #Educaci\u00f3n<\/p>\n","protected":false},"excerpt":{"rendered":"<p>CUERNAVACA-MOR. La Rector\u00eda de la Universidad Aut\u00f3noma del Estado de Morelos (UAEM) y el grupo estudiantil Resistencia Universitaria alcanzaron un acuerdo para reanudar actividades acad\u00e9micas en modalidad virtual a partir del jueves 30 de abril. La decisi\u00f3n se tom\u00f3 mientras se eval\u00faan las condiciones de las instalaciones universitarias, tras m\u00e1s de 50 d\u00edas de suspensi\u00f3n [&hellip;]<\/p>\n","protected":false},"author":4,"featured_media":2962,"comment_status":"open","ping_status":"open","sticky":false,"template":"","format":"standard","meta":{"_jetpack_memberships_contains_paid_content":false,"footnotes":""},"categories":[5],"tags":[],"class_list":["post-2960","post","type-post","status-publish","format-standard","has-post-thumbnail","hentry","category-morelos"],"jetpack_featured_media_url":"https:\/\/apdnoticias.com\/wp-content\/uploads\/2026\/04\/EFC97BE1-170B-4542-8D65-FB8E653EC35E.jpeg","jetpack_sharing_enabled":true,"_links":{"self":[{"href":"https:\/\/apdnoticias.com\/index.php?rest_route=\/wp\/v2\/posts\/2960","targetHints":{"allow":["GET"]}}],"collection":[{"href":"https:\/\/apdnoticias.com\/index.php?rest_route=\/wp\/v2\/posts"}],"about":[{"href":"https:\/\/apdnoticias.com\/index.php?rest_route=\/wp\/v2\/types\/post"}],"author":[{"embeddable":true,"href":"https:\/\/apdnoticias.com\/index.php?rest_route=\/wp\/v2\/users\/4"}],"replies":[{"embeddable":true,"href":"https:\/\/apdnoticias.com\/index.php?rest_route=%2Fwp%2Fv2%2Fcomments&post=2960"}],"version-history":[{"count":1,"href":"https:\/\/apdnoticias.com\/index.php?rest_route=\/wp\/v2\/posts\/2960\/revisions"}],"predecessor-version":[{"id":2961,"href":"https:\/\/apdnoticias.com\/index.php?rest_route=\/wp\/v2\/posts\/2960\/revisions\/2961"}],"wp:featuredmedia":[{"embeddable":true,"href":"https:\/\/apdnoticias.com\/index.php?rest_route=\/wp\/v2\/media\/2962"}],"wp:attachment":[{"href":"https:\/\/apdnoticias.com\/index.php?rest_route=%2Fwp%2Fv2%2Fmedia&parent=2960"}],"wp:term":[{"taxonomy":"category","embeddable":true,"href":"https:\/\/apdnoticias.com\/index.php?rest_route=%2Fwp%2Fv2%2Fcategories&post=2960"},{"taxonomy":"post_tag","embeddable":true,"href":"https:\/\/apdnoticias.com\/index.php?rest_route=%2Fwp%2Fv2%2Ftags&post=2960"}],"curies":[{"name":"wp","href":"https:\/\/api.w.org\/{rel}","templated":true}]}}