{"id":2965,"date":"2026-04-27T20:59:34","date_gmt":"2026-04-27T20:59:34","guid":{"rendered":"https:\/\/apdnoticias.com\/?p=2965"},"modified":"2026-04-27T20:59:34","modified_gmt":"2026-04-27T20:59:34","slug":"capturan-a-presunto-responsable-del-asesinato-de-agentes-en-jiutepec","status":"publish","type":"post","link":"https:\/\/apdnoticias.com\/?p=2965","title":{"rendered":"Capturan a presunto responsable del asesinato de agentes en Jiutepec"},"content":{"rendered":"\n<p>JIUTEPEC-MOR. A m\u00e1s de tres meses del ataque armado contra personal de investigaci\u00f3n, la Fiscal\u00eda General del Estado de Morelos inform\u00f3 la detenci\u00f3n de Adolfo \u201cN\u201d, se\u00f1alado como uno de los probables responsables del homicidio de dos agentes de la Agencia de Investigaci\u00f3n Criminal.<\/p>\n\n\n\n<p>Los hechos ocurrieron el pasado 15 de enero, cuando tres elementos realizaban labores en la colonia Campestre y fueron atacados a tiros por sujetos armados. Como resultado, uno de los agentes muri\u00f3 en el lugar y otro perdi\u00f3 la vida d\u00edas despu\u00e9s tras permanecer hospitalizado; un tercero logr\u00f3 sobrevivir.<\/p>\n\n\n\n<p>De acuerdo con las investigaciones, un Ministerio P\u00fablico integr\u00f3 los datos de prueba que permitieron obtener una orden de aprehensi\u00f3n por los delitos de homicidio calificado y homicidio en grado de tentativa. El mandato fue ejecutado en el municipio de Temixco, donde el imputado fue asegurado y puesto a disposici\u00f3n de un juez.<\/p>\n\n\n\n<p>El caso gener\u00f3 amplia movilizaci\u00f3n de corporaciones y evidenci\u00f3 los riesgos que enfrentan los agentes en el desempe\u00f1o de sus funciones. Hasta el momento, las autoridades no han confirmado si hay m\u00e1s personas involucradas.<\/p>\n\n\n\n<p><\/p>\n","protected":false},"excerpt":{"rendered":"<p>JIUTEPEC-MOR. A m\u00e1s de tres meses del ataque armado contra personal de investigaci\u00f3n, la Fiscal\u00eda General del Estado de Morelos inform\u00f3 la detenci\u00f3n de Adolfo \u201cN\u201d, se\u00f1alado como uno de los probables responsables del homicidio de dos agentes de la Agencia de Investigaci\u00f3n Criminal. Los hechos ocurrieron el pasado 15 de enero, cuando tres elementos [&hellip;]<\/p>\n","protected":false},"author":4,"featured_media":2966,"comment_status":"open","ping_status":"open","sticky":false,"template":"","format":"standard","meta":{"_jetpack_memberships_contains_paid_content":false,"footnotes":""},"categories":[5],"tags":[],"class_list":["post-2965","post","type-post","status-publish","format-standard","has-post-thumbnail","hentry","category-morelos"],"jetpack_featured_media_url":"https:\/\/apdnoticias.com\/wp-content\/uploads\/2026\/04\/713c8b7d-1404-48e0-95dc-4f5482ebf0b1.jpeg","jetpack_sharing_enabled":true,"_links":{"self":[{"href":"https:\/\/apdnoticias.com\/index.php?rest_route=\/wp\/v2\/posts\/2965","targetHints":{"allow":["GET"]}}],"collection":[{"href":"https:\/\/apdnoticias.com\/index.php?rest_route=\/wp\/v2\/posts"}],"about":[{"href":"https:\/\/apdnoticias.com\/index.php?rest_route=\/wp\/v2\/types\/post"}],"author":[{"embeddable":true,"href":"https:\/\/apdnoticias.com\/index.php?rest_route=\/wp\/v2\/users\/4"}],"replies":[{"embeddable":true,"href":"https:\/\/apdnoticias.com\/index.php?rest_route=%2Fwp%2Fv2%2Fcomments&post=2965"}],"version-history":[{"count":1,"href":"https:\/\/apdnoticias.com\/index.php?rest_route=\/wp\/v2\/posts\/2965\/revisions"}],"predecessor-version":[{"id":2967,"href":"https:\/\/apdnoticias.com\/index.php?rest_route=\/wp\/v2\/posts\/2965\/revisions\/2967"}],"wp:featuredmedia":[{"embeddable":true,"href":"https:\/\/apdnoticias.com\/index.php?rest_route=\/wp\/v2\/media\/2966"}],"wp:attachment":[{"href":"https:\/\/apdnoticias.com\/index.php?rest_route=%2Fwp%2Fv2%2Fmedia&parent=2965"}],"wp:term":[{"taxonomy":"category","embeddable":true,"href":"https:\/\/apdnoticias.com\/index.php?rest_route=%2Fwp%2Fv2%2Fcategories&post=2965"},{"taxonomy":"post_tag","embeddable":true,"href":"https:\/\/apdnoticias.com\/index.php?rest_route=%2Fwp%2Fv2%2Ftags&post=2965"}],"curies":[{"name":"wp","href":"https:\/\/api.w.org\/{rel}","templated":true}]}}