{"id":2980,"date":"2026-04-28T00:32:08","date_gmt":"2026-04-28T00:32:08","guid":{"rendered":"https:\/\/apdnoticias.com\/?p=2980"},"modified":"2026-04-28T00:32:08","modified_gmt":"2026-04-28T00:32:08","slug":"investigan-presunto-maltrato-infantil-en-guarderia-de-indonesia-hay-decenas-de-menores-afectados","status":"publish","type":"post","link":"https:\/\/apdnoticias.com\/?p=2980","title":{"rendered":"Investigan presunto maltrato infantil en guarder\u00eda de Indonesia; hay decenas de menores afectados"},"content":{"rendered":"\n<p><\/p>\n\n\n\n<p>YOGYAKARTA-INDONESIA. Autoridades de\u00a0Indonesia\u00a0investigan un caso de maltrato infantil en la guarder\u00eda \u201cLittle Aresha\u201d, luego de que se diera a conocer un video en informaci\u00f3n que deriv\u00f3 en un operativo y la clausura del establecimiento.<\/p>\n\n\n\n<p>De acuerdo con reportes oficiales, en el lugar se encontraban m\u00e1s de un centenar de bebes de 2 a\u00f1os de edad, de los cuales al menos 53 habr\u00edan estaban drog y condiciones violentas de cuidado.<\/p>\n\n\n\n<p>Las investigaciones preliminares se\u00f1alan que los ni\u00f1os permanec\u00edan en situaciones que no garantizaban su bienestar f\u00edsico y psicol\u00f3gico, por lo que fueron rescatados y canalizados para recibir atenci\u00f3n m\u00e9dica y apoyo psicol\u00f3gico especializado.<\/p>\n\n\n\n<p>El caso sali\u00f3 a la luz tras la difusi\u00f3n de material que alert\u00f3 a las autoridades, lo que permiti\u00f3 la intervenci\u00f3n inmediata en el centro infantil.<\/p>\n\n\n\n<p>Hasta el momento, al menos 13 personas, entre directivos y personal del lugar, se encuentran bajo investigaci\u00f3n por su probable responsabilidad en estos hechos.<\/p>\n\n\n\n<p>Las autoridades contin\u00faan con las diligencias correspondientes para esclarecer lo ocurrido y determinar las sanciones conforme a la ley, mientras que los menores permanecen bajo resguardo y atenci\u00f3n integral<\/p>\n","protected":false},"excerpt":{"rendered":"<p>YOGYAKARTA-INDONESIA. Autoridades de\u00a0Indonesia\u00a0investigan un caso de maltrato infantil en la guarder\u00eda \u201cLittle Aresha\u201d, luego de que se diera a conocer un video en informaci\u00f3n que deriv\u00f3 en un operativo y la clausura del establecimiento. De acuerdo con reportes oficiales, en el lugar se encontraban m\u00e1s de un centenar de bebes de 2 a\u00f1os de edad, [&hellip;]<\/p>\n","protected":false},"author":4,"featured_media":2981,"comment_status":"open","ping_status":"open","sticky":false,"template":"","format":"standard","meta":{"_jetpack_memberships_contains_paid_content":false,"footnotes":""},"categories":[7],"tags":[],"class_list":["post-2980","post","type-post","status-publish","format-standard","has-post-thumbnail","hentry","category-mundo"],"jetpack_featured_media_url":"https:\/\/apdnoticias.com\/wp-content\/uploads\/2026\/04\/IMG_1507.jpeg","jetpack_sharing_enabled":true,"_links":{"self":[{"href":"https:\/\/apdnoticias.com\/index.php?rest_route=\/wp\/v2\/posts\/2980","targetHints":{"allow":["GET"]}}],"collection":[{"href":"https:\/\/apdnoticias.com\/index.php?rest_route=\/wp\/v2\/posts"}],"about":[{"href":"https:\/\/apdnoticias.com\/index.php?rest_route=\/wp\/v2\/types\/post"}],"author":[{"embeddable":true,"href":"https:\/\/apdnoticias.com\/index.php?rest_route=\/wp\/v2\/users\/4"}],"replies":[{"embeddable":true,"href":"https:\/\/apdnoticias.com\/index.php?rest_route=%2Fwp%2Fv2%2Fcomments&post=2980"}],"version-history":[{"count":1,"href":"https:\/\/apdnoticias.com\/index.php?rest_route=\/wp\/v2\/posts\/2980\/revisions"}],"predecessor-version":[{"id":2982,"href":"https:\/\/apdnoticias.com\/index.php?rest_route=\/wp\/v2\/posts\/2980\/revisions\/2982"}],"wp:featuredmedia":[{"embeddable":true,"href":"https:\/\/apdnoticias.com\/index.php?rest_route=\/wp\/v2\/media\/2981"}],"wp:attachment":[{"href":"https:\/\/apdnoticias.com\/index.php?rest_route=%2Fwp%2Fv2%2Fmedia&parent=2980"}],"wp:term":[{"taxonomy":"category","embeddable":true,"href":"https:\/\/apdnoticias.com\/index.php?rest_route=%2Fwp%2Fv2%2Fcategories&post=2980"},{"taxonomy":"post_tag","embeddable":true,"href":"https:\/\/apdnoticias.com\/index.php?rest_route=%2Fwp%2Fv2%2Ftags&post=2980"}],"curies":[{"name":"wp","href":"https:\/\/api.w.org\/{rel}","templated":true}]}}