{"id":326,"date":"2024-10-16T04:11:07","date_gmt":"2024-10-16T04:11:07","guid":{"rendered":"http:\/\/apdnoticias.com\/?p=326"},"modified":"2024-10-16T04:12:40","modified_gmt":"2024-10-16T04:12:40","slug":"localizan-dos-cuerpos-presuntamente-secuestrador-en-cuernavaca","status":"publish","type":"post","link":"https:\/\/apdnoticias.com\/?p=326","title":{"rendered":"localizan dos cuerpos presuntamente secuestrados en Cuernavaca"},"content":{"rendered":"\n<p>Cuernavaca &#8211; Mor <\/p>\n\n\n\n<p>Nadya Limas <\/p>\n\n\n\n<p><strong>En el curso de este martes, autoridades de la Ciudad de M\u00e9xico localizaron dos cuerpos en Topilejo, los cuales podr\u00edan tratarse de los trabajadores de la Universidad del estado de Morelos desaparecidos desde hace un mes.\u00a0<\/strong><\/p>\n\n\n\n<p>Enrique S\u00e1nchez y Laura Ortiz, fueron privados de la libertad aproximadamente hace cuatro semanas, cuando sal\u00edan de su domicilio al norte de la ciudad de Cuernavaca.<\/p>\n\n\n\n<p>La informaci\u00f3n obtenida hasta el momento, detallar\u00eda que la familia de los trabajadores habr\u00edan sido contactados por los presuntos autores del delito y provenientes del municipio de Huitzilac Morelos, para pedir el rescate el cual se desconoce la cifra exacta, pero se tiene el conocimiento de que s\u00ed fue realizado por la familia para recuperar a sus seres queridos.&nbsp;<\/p>\n\n\n\n<p>Al realizar el pago del secuestro, la familia de los trabajadores estuvo a la espera de recibir informaci\u00f3n para poder recuperar a sus familiares, lo cual nunca pas\u00f3, despu\u00e9s de un mes sus cuerpos fueron presuntamente localizados en Topilejo este martes 15 de octubre.<\/p>\n\n\n\n<p>hasta el momento no se tiene la confirmaci\u00f3n de los hechos por parte de las autoridades de la CDMX o del Estado de Morelos.&nbsp;<\/p>\n\n\n\n<p>Continuamos informando.&nbsp;<\/p>\n","protected":false},"excerpt":{"rendered":"<p>Cuernavaca &#8211; Mor Nadya Limas En el curso de este martes, autoridades de la Ciudad de M\u00e9xico localizaron dos cuerpos en Topilejo, los cuales podr\u00edan tratarse de los trabajadores de la Universidad del estado de Morelos desaparecidos desde hace un mes.\u00a0 Enrique S\u00e1nchez y Laura Ortiz, fueron privados de la libertad aproximadamente hace cuatro semanas, [&hellip;]<\/p>\n","protected":false},"author":3,"featured_media":327,"comment_status":"open","ping_status":"open","sticky":false,"template":"","format":"standard","meta":{"_jetpack_memberships_contains_paid_content":false,"footnotes":""},"categories":[6,5],"tags":[],"class_list":["post-326","post","type-post","status-publish","format-standard","has-post-thumbnail","hentry","category-mexico","category-morelos"],"jetpack_featured_media_url":"https:\/\/apdnoticias.com\/wp-content\/uploads\/2024\/10\/6D462725-6FA8-4A70-A9B8-43FAB5B43CFB.jpeg","jetpack_sharing_enabled":true,"_links":{"self":[{"href":"https:\/\/apdnoticias.com\/index.php?rest_route=\/wp\/v2\/posts\/326","targetHints":{"allow":["GET"]}}],"collection":[{"href":"https:\/\/apdnoticias.com\/index.php?rest_route=\/wp\/v2\/posts"}],"about":[{"href":"https:\/\/apdnoticias.com\/index.php?rest_route=\/wp\/v2\/types\/post"}],"author":[{"embeddable":true,"href":"https:\/\/apdnoticias.com\/index.php?rest_route=\/wp\/v2\/users\/3"}],"replies":[{"embeddable":true,"href":"https:\/\/apdnoticias.com\/index.php?rest_route=%2Fwp%2Fv2%2Fcomments&post=326"}],"version-history":[{"count":3,"href":"https:\/\/apdnoticias.com\/index.php?rest_route=\/wp\/v2\/posts\/326\/revisions"}],"predecessor-version":[{"id":330,"href":"https:\/\/apdnoticias.com\/index.php?rest_route=\/wp\/v2\/posts\/326\/revisions\/330"}],"wp:featuredmedia":[{"embeddable":true,"href":"https:\/\/apdnoticias.com\/index.php?rest_route=\/wp\/v2\/media\/327"}],"wp:attachment":[{"href":"https:\/\/apdnoticias.com\/index.php?rest_route=%2Fwp%2Fv2%2Fmedia&parent=326"}],"wp:term":[{"taxonomy":"category","embeddable":true,"href":"https:\/\/apdnoticias.com\/index.php?rest_route=%2Fwp%2Fv2%2Fcategories&post=326"},{"taxonomy":"post_tag","embeddable":true,"href":"https:\/\/apdnoticias.com\/index.php?rest_route=%2Fwp%2Fv2%2Ftags&post=326"}],"curies":[{"name":"wp","href":"https:\/\/api.w.org\/{rel}","templated":true}]}}