{"id":375,"date":"2024-10-29T21:11:15","date_gmt":"2024-10-29T21:11:15","guid":{"rendered":"http:\/\/apdnoticias.com\/?p=375"},"modified":"2024-10-29T21:11:15","modified_gmt":"2024-10-29T21:11:15","slug":"queda-instalada-la-comision-especial-para-el-seguimiento-al-cumplimiento-de-la-agenda-2030","status":"publish","type":"post","link":"https:\/\/apdnoticias.com\/?p=375","title":{"rendered":"Queda instalada la comisi\u00f3n especial para el seguimiento al cumplimiento de la agenda 2030"},"content":{"rendered":"\n<p>El reto es responder a las demandas de una sociedad en constate evoluci\u00f3n, sostiene el Dip. Gerardo Abarca, presidente del organismo.<\/p>\n\n\n\n<p>La ma\u00f1ana de este martes, en el Sal\u00f3n de Comisiones del recinto legislativo, el diputado Gerardo Abarca Pe\u00f1a, presidente de la Comisi\u00f3n Especial para el Seguimiento al Cumplimiento de la Agenda 2030 de la LVI Legislatura del Congreso de Morelos, encabez\u00f3 la instalaci\u00f3n formal de este \u00f3rgano legislativo.<\/p>\n\n\n\n<p>En su discurso, el legislador Gerardo Abarca record\u00f3 que, \u201cel 25 de septiembre de 2015, la Asamblea General de la Organizaci\u00f3n de las Naciones Unidas aprob\u00f3 uno de los proyectos de mayor visi\u00f3n, la Agenda 2030 para el Desarrollo Sostenible\u201d, con la cual \u201c193 naciones se comprometieron a trabajar para construir un mundo m\u00e1s pr\u00f3spero, sostenible y seguro\u201d.<\/p>\n\n\n\n<p>En este mismo sentido, el legislador refiri\u00f3 que el \u201creto es responder a las demandas de una sociedad en constate evoluci\u00f3n\u201d, aunque precis\u00f3 que este objetivo s\u00f3lo es posible hilando las \u201ctres dimensiones del desarrollo social; la econ\u00f3mica, la social y la medioambiental\u201d.<\/p>\n\n\n\n<p>Para finalizar, Gerardo Abarca se refiri\u00f3 a algunos de los Objetivos del Desarrollo Sostenible que se establecen en la Agenda 2030, entre los que destac\u00f3: \u201cel fin de la pobreza; hambre cero; salud y bienestar; educaci\u00f3n de calidad; igualdad de g\u00e9nero; agua limpia y saneamiento y energ\u00eda asequible y no contaminante\u201d.<\/p>\n\n\n\n<p>Vale la pena mencionar que entre los objetivos y atribuciones de este \u00f3rgano legislativo se encuentran: representar al Congreso ante el Consejo Estatal de la Agenda 2030 para el Desarrollo Sostenible; promover la realizaci\u00f3n de foros, conferencia u otras formas de participaci\u00f3n ciudadana para difundir y dar cumplimiento de los Objetivos para el Desarrollo Sostenible (ODS); y exhortar a los diferentes instancias o dependencias de los distintos \u00f3rdenes de gobierno en cumplimiento de la Agenda 2030.<\/p>\n\n\n\n<p>Para cerrar el evento protocolario, el diputado emanado del Partido Acci\u00f3n Nacional tom\u00f3 protesta de ley a quien se desempe\u00f1ar\u00e1 como secretario t\u00e9cnico de la comisi\u00f3n, responsabilidad que recaer\u00e1 en el licenciado Francisco Guti\u00e9rrez Serrano.<\/p>\n\n\n\n<p>Guti\u00e9rrez Serrano es licenciado Derecho, con amplia experiencia en Derecho Electoral, Administrativo, Parlamentario. Entre los diferentes cargos, fue regidor de Seguridad P\u00fablica en el municipio de Cuernavaca; ha ocupado diferentes cargos del gobierno municipal. Asimismo, ocup\u00f3 el cargo de secretario t\u00e9cnico del Comit\u00e9 Editorial en la LV Legislatura.<\/p>\n\n\n\n<p>Es de resaltar que la Comisi\u00f3n Especial para el Seguimiento al Cumplimiento de la Agenda 2030 est\u00e1 integrada por el diputado Abarca Pe\u00f1a como presidente; Rafael Reyes Reyes, quien funge como secretario; y como vocales, los legisladores Alberto S\u00e1nchez Ortega y Alfonso de Jes\u00fas Sotelo Mart\u00ednez.<br>-0-<\/p>\n","protected":false},"excerpt":{"rendered":"<p>El reto es responder a las demandas de una sociedad en constate evoluci\u00f3n, sostiene el Dip. Gerardo Abarca, presidente del organismo. La ma\u00f1ana de este martes, en el Sal\u00f3n de Comisiones del recinto legislativo, el diputado Gerardo Abarca Pe\u00f1a, presidente de la Comisi\u00f3n Especial para el Seguimiento al Cumplimiento de la Agenda 2030 de la [&hellip;]<\/p>\n","protected":false},"author":3,"featured_media":376,"comment_status":"open","ping_status":"open","sticky":false,"template":"","format":"standard","meta":{"_jetpack_memberships_contains_paid_content":false,"footnotes":""},"categories":[5],"tags":[],"class_list":["post-375","post","type-post","status-publish","format-standard","has-post-thumbnail","hentry","category-morelos"],"jetpack_featured_media_url":"https:\/\/apdnoticias.com\/wp-content\/uploads\/2024\/10\/0702ED1D-B176-4722-ACF2-8B3E1438A81B.jpeg","jetpack_sharing_enabled":true,"_links":{"self":[{"href":"https:\/\/apdnoticias.com\/index.php?rest_route=\/wp\/v2\/posts\/375","targetHints":{"allow":["GET"]}}],"collection":[{"href":"https:\/\/apdnoticias.com\/index.php?rest_route=\/wp\/v2\/posts"}],"about":[{"href":"https:\/\/apdnoticias.com\/index.php?rest_route=\/wp\/v2\/types\/post"}],"author":[{"embeddable":true,"href":"https:\/\/apdnoticias.com\/index.php?rest_route=\/wp\/v2\/users\/3"}],"replies":[{"embeddable":true,"href":"https:\/\/apdnoticias.com\/index.php?rest_route=%2Fwp%2Fv2%2Fcomments&post=375"}],"version-history":[{"count":1,"href":"https:\/\/apdnoticias.com\/index.php?rest_route=\/wp\/v2\/posts\/375\/revisions"}],"predecessor-version":[{"id":377,"href":"https:\/\/apdnoticias.com\/index.php?rest_route=\/wp\/v2\/posts\/375\/revisions\/377"}],"wp:featuredmedia":[{"embeddable":true,"href":"https:\/\/apdnoticias.com\/index.php?rest_route=\/wp\/v2\/media\/376"}],"wp:attachment":[{"href":"https:\/\/apdnoticias.com\/index.php?rest_route=%2Fwp%2Fv2%2Fmedia&parent=375"}],"wp:term":[{"taxonomy":"category","embeddable":true,"href":"https:\/\/apdnoticias.com\/index.php?rest_route=%2Fwp%2Fv2%2Fcategories&post=375"},{"taxonomy":"post_tag","embeddable":true,"href":"https:\/\/apdnoticias.com\/index.php?rest_route=%2Fwp%2Fv2%2Ftags&post=375"}],"curies":[{"name":"wp","href":"https:\/\/api.w.org\/{rel}","templated":true}]}}