{"id":590,"date":"2025-01-04T03:17:07","date_gmt":"2025-01-04T03:17:07","guid":{"rendered":"http:\/\/apdnoticias.com\/?p=590"},"modified":"2025-01-04T03:17:07","modified_gmt":"2025-01-04T03:17:07","slug":"detienen-en-tijuana-a-sujeto-por-el-feminicidio-de-su-madre-en-jiutepec-morelos","status":"publish","type":"post","link":"https:\/\/apdnoticias.com\/?p=590","title":{"rendered":"Detienen en Tijuana a sujeto por el feminicidio de su madre en Jiutepec Morelos"},"content":{"rendered":"\n<p>Vinculado a proceso por feminicidio de su madre en Jiutepec<\/p>\n\n\n\n<p>\u2022Golpe\u00f3 a su madre provoc\u00e1ndole la muerte<br>\u2022AIC cumpliment\u00f3 la aprehensi\u00f3n en Tijuana<br>\u2022Enfrentar\u00e1 proceso en prisi\u00f3n preventiva<\/p>\n\n\n\n<p>La Fiscal\u00eda Especializada en la Investigaci\u00f3n y Persecuci\u00f3n del Delito de Feminicidio, verti\u00f3 el acervo probatorio suficiente que demuestra la presunta responsabilidad de Arturo \u201cN\u201d en el delito de feminicidio cometido en contra de su madre en el municipio de Jiutepec, quien fue detenido por personal de la Agencia de Investigaci\u00f3n Criminal (AIC) en el municipio de Tijuana, en el estado de Baja California donde se hab\u00eda escondido.<\/p>\n\n\n\n<p>El Ministerio P\u00fablico Especializado, estableci\u00f3 que la noche del 17 de febrero de 2024, la mujer v\u00edctima se encontraba al interior de su domicilio ubicado en la colonia Campanario del municipio de Jiutepec, lugar al que lleg\u00f3 su hijo el hoy imputado, quien comenz\u00f3 a discutir con ella agredi\u00e9ndola verbalmente y posteriormente comenz\u00f3 con agresiones f\u00edsicas, hasta dejarla inconsciente.<\/p>\n\n\n\n<p>Al no lograr reanimarla, el agresor se comunic\u00f3 con su hermana dici\u00e9ndole que su madre se hab\u00eda ca\u00eddo y necesitaba atenci\u00f3n m\u00e9dica, sin embargo, vecinos del lugar refirieron haber escuchado los gritos y que el hijo de la v\u00edctima habr\u00eda sido el agresor, confirm\u00e1ndose que la mujer hab\u00eda perdido la vida en el lugar de los hechos a consecuencia de un traumatismo craneoencef\u00e1lico.<\/p>\n\n\n\n<p>Al activarse los protocolos de investigaci\u00f3n con perspectiva de g\u00e9nero, la Fiscal\u00eda de Feminicidios inici\u00f3 las investigaciones de gabinete y de campo, que derivaron en la obtenci\u00f3n de una orden de aprehensi\u00f3n, emiti\u00e9ndose adem\u00e1s una ficha de b\u00fasqueda en su contra al ser considerado como sustra\u00eddo de la acci\u00f3n de la justicia, lo anterior, con base al art\u00edculo 106 del C\u00f3digo Nacional de Procedimientos Penales.<\/p>\n\n\n\n<p>Al contarse con informaci\u00f3n de que el presunto responsable se habr\u00eda escondido en el estado de Baja California, se emitieron los oficios de colaboraci\u00f3n correspondientes con la Fiscal\u00eda General de aquella entidad, y detectives de la AIC se trasladaron y en coordinaci\u00f3n se realiz\u00f3 la tarde del martes 31 de diciembre de 2024 la detenci\u00f3n de Arturo \u201cN\u201d de 30 a\u00f1os de edad, en la colonia Chapultepec Alamar, en el municipio de Tijuana, traslad\u00e1ndolo al estado de Morelos el mismo d\u00eda.<\/p>\n\n\n\n<p>En audiencia inicial, la Fiscal\u00eda de Feminicidios formul\u00f3 imputaci\u00f3n en contra de Arturo \u201cN\u201d por el delito de feminicidio cometido en contra de su madre, verti\u00e9ndose el acervo probatorio correspondiente.<\/p>\n\n\n\n<p>En audiencia de continuaci\u00f3n de proceso desarrollada este viernes 03 de enero, y tras los alegatos respectivos, un juez de control encontr\u00f3 elementos suficientes para dictar la vinculaci\u00f3n a proceso en contra de Arturo, haci\u00e9ndose prevalecer la prisi\u00f3n preventiva como medida cautelar, y fue concedido a la representaci\u00f3n social el plazo de tres meses para concluir con la investigaci\u00f3n procesal.<\/p>\n\n\n\n<p>Los presentes datos tienen el car\u00e1cter de informativos,<br>la versi\u00f3n oficial obra en la Carpeta de Investigaci\u00f3n.<\/p>\n","protected":false},"excerpt":{"rendered":"<p>Vinculado a proceso por feminicidio de su madre en Jiutepec \u2022Golpe\u00f3 a su madre provoc\u00e1ndole la muerte\u2022AIC cumpliment\u00f3 la aprehensi\u00f3n en Tijuana\u2022Enfrentar\u00e1 proceso en prisi\u00f3n preventiva La Fiscal\u00eda Especializada en la Investigaci\u00f3n y Persecuci\u00f3n del Delito de Feminicidio, verti\u00f3 el acervo probatorio suficiente que demuestra la presunta responsabilidad de Arturo \u201cN\u201d en el delito de [&hellip;]<\/p>\n","protected":false},"author":3,"featured_media":591,"comment_status":"open","ping_status":"open","sticky":false,"template":"","format":"standard","meta":{"_jetpack_memberships_contains_paid_content":false,"footnotes":""},"categories":[6,5],"tags":[],"class_list":["post-590","post","type-post","status-publish","format-standard","has-post-thumbnail","hentry","category-mexico","category-morelos"],"jetpack_featured_media_url":"https:\/\/apdnoticias.com\/wp-content\/uploads\/2025\/01\/88E04105-7712-46C5-83DB-232E91F3225F.jpeg","jetpack_sharing_enabled":true,"_links":{"self":[{"href":"https:\/\/apdnoticias.com\/index.php?rest_route=\/wp\/v2\/posts\/590","targetHints":{"allow":["GET"]}}],"collection":[{"href":"https:\/\/apdnoticias.com\/index.php?rest_route=\/wp\/v2\/posts"}],"about":[{"href":"https:\/\/apdnoticias.com\/index.php?rest_route=\/wp\/v2\/types\/post"}],"author":[{"embeddable":true,"href":"https:\/\/apdnoticias.com\/index.php?rest_route=\/wp\/v2\/users\/3"}],"replies":[{"embeddable":true,"href":"https:\/\/apdnoticias.com\/index.php?rest_route=%2Fwp%2Fv2%2Fcomments&post=590"}],"version-history":[{"count":1,"href":"https:\/\/apdnoticias.com\/index.php?rest_route=\/wp\/v2\/posts\/590\/revisions"}],"predecessor-version":[{"id":592,"href":"https:\/\/apdnoticias.com\/index.php?rest_route=\/wp\/v2\/posts\/590\/revisions\/592"}],"wp:featuredmedia":[{"embeddable":true,"href":"https:\/\/apdnoticias.com\/index.php?rest_route=\/wp\/v2\/media\/591"}],"wp:attachment":[{"href":"https:\/\/apdnoticias.com\/index.php?rest_route=%2Fwp%2Fv2%2Fmedia&parent=590"}],"wp:term":[{"taxonomy":"category","embeddable":true,"href":"https:\/\/apdnoticias.com\/index.php?rest_route=%2Fwp%2Fv2%2Fcategories&post=590"},{"taxonomy":"post_tag","embeddable":true,"href":"https:\/\/apdnoticias.com\/index.php?rest_route=%2Fwp%2Fv2%2Ftags&post=590"}],"curies":[{"name":"wp","href":"https:\/\/api.w.org\/{rel}","templated":true}]}}