{"id":603,"date":"2025-01-08T02:24:36","date_gmt":"2025-01-08T02:24:36","guid":{"rendered":"http:\/\/apdnoticias.com\/?p=603"},"modified":"2025-01-08T02:24:36","modified_gmt":"2025-01-08T02:24:36","slug":"formaliza-margarita-gonzalez-compromiso-para-trabajar-por-la-proteccion-del-bosque-de-agua","status":"publish","type":"post","link":"https:\/\/apdnoticias.com\/?p=603","title":{"rendered":"Formaliza Margarita Gonz\u00e1lez compromiso para trabajar por la protecci\u00f3n del bosque de agua"},"content":{"rendered":"\n<p><\/p>\n\n\n\n<p><em>La Gobernadora ejercer\u00e1 acciones con sus hom\u00f3logas de Ciudad de M\u00e9xico y Estado de M\u00e9xico para evitar delitos ambientales en esta \u00e1rea que abastece del recurso natural a las tres entidades; adem\u00e1s, se integrar\u00e1 en diferentes proyectos a las comunidades que habitan en la regi\u00f3n<\/em><\/p>\n\n\n\n<p>En un hecho in\u00e9dito, la gobernadora Margarita Gonz\u00e1lez Saravia firm\u00f3 un convenio de coordinaci\u00f3n con sus hom\u00f3logas de Ciudad de M\u00e9xico y Estado de M\u00e9xico, Clara Brugada Molina y Delfina G\u00f3mez \u00c1lvarez, respectivamente, para proteger el Bosque de Agua, un espacio natural en el que colindan las tres entidades del centro del pa\u00eds, que logra la infiltraci\u00f3n del recurso natural para el abastecimiento de la poblaci\u00f3n y brinda otros servicios ambientales.<\/p>\n\n\n\n<p>En un evento llevado a cabo en el Bosque de Chapultepec, en la capital del pa\u00eds, la titular del Poder Ejecutivo puntualiz\u00f3 que este sitio tiene una extensi\u00f3n de cerca de 800 mil hect\u00e1reas que conecta a las sierras Ajusco-Chichinautzin, Zempoala y Nevado de Toluca, alimenta 11 acu\u00edferos esenciales para las comunidades y ciudades.<\/p>\n\n\n\n<p>\u201cPara Morelos este bosque es fundamental, de aqu\u00ed proviene el agua. Hoy, al firmar este convenio metropolitano, consolidamos un compromiso que refleja la voluntad y responsabilidad compartida de proteger este invaluable ecosistema\u201d, resalt\u00f3 la mandataria estatal.<\/p>\n\n\n\n<p>Por lo tanto, se efectuar\u00e1n acciones para combatir la tala ilegal, los cambios de uso de suelo, la fragmentaci\u00f3n de los corredores biol\u00f3gicos, la sobreexplotaci\u00f3n de los acu\u00edferos, entre otros puntos que generan la deforestaci\u00f3n.<\/p>\n\n\n\n<p>Margarita Gonz\u00e1lez Saravia a\u00f1adi\u00f3: \u201cEste convenio representa una oportunidad de esperanza, una herramienta decisiva para poder revertir estas situaciones, con \u00e9l vamos a fortalecer la vigilancia forestal de los tres estados, vamos a implementar programas regionales e incorporar a las comunidades locales junto con el Gobierno en la conservaci\u00f3n, es decir, ya no estar\u00e1n solas, tendr\u00e1n el trabajo y la protecci\u00f3n de los tres gobiernos: gobiernos conscientes, humanistas y de la Cuarta Transformaci\u00f3n\u201d.<\/p>\n\n\n\n<p>Cabe mencionar que las mandatarias consideraron promover un decreto que establezca como \u00c1rea Natural Protegida (ANP) de car\u00e1cter federal el Bosque de Agua, por lo que se trabajar\u00e1 en ello. Del mismo modo, por iniciativa de la gobernadora de Morelos, el 17 de febrero se llevar\u00e1 a cabo la Cumbre del Bosque de Agua en el Instituto Mexicano de Tecnolog\u00eda del Agua (IMTA), ubicado en el municipio de Jiutepec.<\/p>\n\n\n\n<p>Clara Brugada y Delfina G\u00f3mez coincidieron en que este hecho es muy relevante, y mediante un trabajo conjunto con las autoridades ambientales, de seguridad y la poblaci\u00f3n se lograr\u00e1n grandes resultados, que ser\u00e1n medidos a corto y mediano plazo.<\/p>\n\n\n\n<p>Al tomar la palabra, Alicia B\u00e1rcena Ibarra, secretaria de Medio Ambiente y Recursos Naturales, indic\u00f3 que el Gobierno de M\u00e9xico, que encabeza Claudia Sheinbaum Pardo, ejerce una pol\u00edtica ecol\u00f3gica humanista, por lo que se escuchar\u00e1 y atender\u00e1 a la gente que habita en esta regi\u00f3n.<\/p>\n\n\n\n<p>En tanto, Mariana Boy Tamborrell, procuradora federal de Protecci\u00f3n al Ambiente, coment\u00f3 que este es un primer paso para dar una atenci\u00f3n ejemplar e integral a este territorio, y marcar\u00e1 la pauta para efectuar una serie de acciones contra delitos forestales.<\/p>\n\n\n\n<p>A este evento asisti\u00f3 el secretario de Desarrollo Sustentable, Alan Dupr\u00e9, el presidente municipal de Cuernavaca, Jos\u00e9 Luis Uri\u00f3stegui Salgado, as\u00ed como representantes de Huitzilac y Tepoztl\u00e1n.<\/p>\n","protected":false},"excerpt":{"rendered":"<p>La Gobernadora ejercer\u00e1 acciones con sus hom\u00f3logas de Ciudad de M\u00e9xico y Estado de M\u00e9xico para evitar delitos ambientales en esta \u00e1rea que abastece del recurso natural a las tres entidades; adem\u00e1s, se integrar\u00e1 en diferentes proyectos a las comunidades que habitan en la regi\u00f3n En un hecho in\u00e9dito, la gobernadora Margarita Gonz\u00e1lez Saravia firm\u00f3 [&hellip;]<\/p>\n","protected":false},"author":3,"featured_media":604,"comment_status":"open","ping_status":"open","sticky":false,"template":"","format":"standard","meta":{"_jetpack_memberships_contains_paid_content":false,"footnotes":""},"categories":[6,5],"tags":[],"class_list":["post-603","post","type-post","status-publish","format-standard","has-post-thumbnail","hentry","category-mexico","category-morelos"],"jetpack_featured_media_url":"https:\/\/apdnoticias.com\/wp-content\/uploads\/2025\/01\/9BA3C89D-3D02-4820-AB1B-EC0EAAFD268C.jpeg","jetpack_sharing_enabled":true,"_links":{"self":[{"href":"https:\/\/apdnoticias.com\/index.php?rest_route=\/wp\/v2\/posts\/603","targetHints":{"allow":["GET"]}}],"collection":[{"href":"https:\/\/apdnoticias.com\/index.php?rest_route=\/wp\/v2\/posts"}],"about":[{"href":"https:\/\/apdnoticias.com\/index.php?rest_route=\/wp\/v2\/types\/post"}],"author":[{"embeddable":true,"href":"https:\/\/apdnoticias.com\/index.php?rest_route=\/wp\/v2\/users\/3"}],"replies":[{"embeddable":true,"href":"https:\/\/apdnoticias.com\/index.php?rest_route=%2Fwp%2Fv2%2Fcomments&post=603"}],"version-history":[{"count":1,"href":"https:\/\/apdnoticias.com\/index.php?rest_route=\/wp\/v2\/posts\/603\/revisions"}],"predecessor-version":[{"id":605,"href":"https:\/\/apdnoticias.com\/index.php?rest_route=\/wp\/v2\/posts\/603\/revisions\/605"}],"wp:featuredmedia":[{"embeddable":true,"href":"https:\/\/apdnoticias.com\/index.php?rest_route=\/wp\/v2\/media\/604"}],"wp:attachment":[{"href":"https:\/\/apdnoticias.com\/index.php?rest_route=%2Fwp%2Fv2%2Fmedia&parent=603"}],"wp:term":[{"taxonomy":"category","embeddable":true,"href":"https:\/\/apdnoticias.com\/index.php?rest_route=%2Fwp%2Fv2%2Fcategories&post=603"},{"taxonomy":"post_tag","embeddable":true,"href":"https:\/\/apdnoticias.com\/index.php?rest_route=%2Fwp%2Fv2%2Ftags&post=603"}],"curies":[{"name":"wp","href":"https:\/\/api.w.org\/{rel}","templated":true}]}}