{"id":642,"date":"2025-01-11T04:28:49","date_gmt":"2025-01-11T04:28:49","guid":{"rendered":"http:\/\/apdnoticias.com\/?p=642"},"modified":"2025-01-11T04:28:49","modified_gmt":"2025-01-11T04:28:49","slug":"jose-luis-uriostegui-refrenda-compromiso-a-favor-del-desarrollo-turistico-de-cuernavaca","status":"publish","type":"post","link":"https:\/\/apdnoticias.com\/?p=642","title":{"rendered":"Jos\u00e9 Luis Uri\u00f3stegui refrenda compromiso a favor del desarrollo tur\u00edstico de Cuernavaca"},"content":{"rendered":"\n<p>\u2022 Se instal\u00f3 el Consejo Consultivo de Turismo que a trav\u00e9s de un enfoque colaborativo estar\u00e1 fortaleciendo a Cuernavaca en el mapa tur\u00edstico mundial<\/p>\n\n\n\n<p>Con el objetivo de fortalecer al sector tur\u00edstico y seguir consolidando a Cuernavaca como un destino de referencia a nivel nacional e internacional, el presidente municipal, Jos\u00e9 Luis Uri\u00f3stegui Salgado, encabez\u00f3 este viernes la instalaci\u00f3n del Consejo Consultivo de Turismo (COCTUR) para la administraci\u00f3n 2025- 2027 que, con la participaci\u00f3n activa de las distintas ramas tur\u00edsticas en la ciudad, busca reforzar este importante rubro que genera econom\u00eda para miles de familias.<\/p>\n\n\n\n<p>Teniendo como escenario el Sal\u00f3n Jos\u00e9 Mar\u00eda Morelos y Pav\u00f3n, en la sede Papagayo del Ayuntamiento capitalino, el alcalde, quien presidir\u00e1 el consejo, destac\u00f3 la importancia de la colaboraci\u00f3n entre los distintos sectores para lograr que Cuernavaca contin\u00fae posicion\u00e1ndose como un destino atractivo para turistas nacionales e internacionales, promoviendo su riqueza cultural, hist\u00f3rica y natural.<\/p>\n\n\n\n<p>Uri\u00f3stegui Salgado resalt\u00f3 que la capital morelense ha ido incrementando la afluencia de turistas, tan solo el a\u00f1o pasado, en D\u00eda de Muertos se registraron m\u00e1s de 10 mil personas, cifra que igual se replic\u00f3 en el mes de diciembre, por lo cual es importante continuar realizando acciones que garanticen que el turismo visite Cuernavaca, no solo en periodo vacacional o fines de semana.<\/p>\n\n\n\n<p>Tambi\u00e9n indic\u00f3 que, a trav\u00e9s de un enfoque colaborativo entre autoridades municipales, empresarios y expertos del sector, se impulse un Plan Municipal de Turismo que favorezca, tanto a los prestadores de servicios como a la comunidad local, que puede fortalecerse con la \u201cEstrategia de Turismo para el Municipio de Cuernavaca\u201d a cargo del consultor, Eduardo Barroso Alarc\u00f3n, quien cuenta con m\u00e1s de 45 a\u00f1os de experiencia en el sector turismo, siendo reconocido como precursor del programa \u201cPueblos M\u00e1gicos\u201d; adem\u00e1s de que colabor\u00f3 en la creaci\u00f3n del Programa Estatal de Turismo del Estado de Morelos.<\/p>\n\n\n\n<p>Cabe mencionar que, el COCTUR est\u00e1 integrado por un grupo diverso de profesionales y representantes del sector tur\u00edstico, como empresarios, hoteleros, restauranteros, operadores tur\u00edsticos, l\u00edderes de asociaciones civiles, de escuelas de espa\u00f1ol, instituciones educativas, as\u00ed como de integrantes del Cabildo, como los regidores Alan Salvador Moreno Dom\u00ednguez y Juan Miguel Serrano Gastelum.<\/p>\n","protected":false},"excerpt":{"rendered":"<p>\u2022 Se instal\u00f3 el Consejo Consultivo de Turismo que a trav\u00e9s de un enfoque colaborativo estar\u00e1 fortaleciendo a Cuernavaca en el mapa tur\u00edstico mundial Con el objetivo de fortalecer al sector tur\u00edstico y seguir consolidando a Cuernavaca como un destino de referencia a nivel nacional e internacional, el presidente municipal, Jos\u00e9 Luis Uri\u00f3stegui Salgado, encabez\u00f3 [&hellip;]<\/p>\n","protected":false},"author":3,"featured_media":643,"comment_status":"open","ping_status":"open","sticky":false,"template":"","format":"standard","meta":{"_jetpack_memberships_contains_paid_content":false,"footnotes":""},"categories":[5],"tags":[],"class_list":["post-642","post","type-post","status-publish","format-standard","has-post-thumbnail","hentry","category-morelos"],"jetpack_featured_media_url":"https:\/\/apdnoticias.com\/wp-content\/uploads\/2025\/01\/AFF023F4-32CF-4C2D-A13B-55B15966FE7C.jpeg","jetpack_sharing_enabled":true,"_links":{"self":[{"href":"https:\/\/apdnoticias.com\/index.php?rest_route=\/wp\/v2\/posts\/642","targetHints":{"allow":["GET"]}}],"collection":[{"href":"https:\/\/apdnoticias.com\/index.php?rest_route=\/wp\/v2\/posts"}],"about":[{"href":"https:\/\/apdnoticias.com\/index.php?rest_route=\/wp\/v2\/types\/post"}],"author":[{"embeddable":true,"href":"https:\/\/apdnoticias.com\/index.php?rest_route=\/wp\/v2\/users\/3"}],"replies":[{"embeddable":true,"href":"https:\/\/apdnoticias.com\/index.php?rest_route=%2Fwp%2Fv2%2Fcomments&post=642"}],"version-history":[{"count":1,"href":"https:\/\/apdnoticias.com\/index.php?rest_route=\/wp\/v2\/posts\/642\/revisions"}],"predecessor-version":[{"id":644,"href":"https:\/\/apdnoticias.com\/index.php?rest_route=\/wp\/v2\/posts\/642\/revisions\/644"}],"wp:featuredmedia":[{"embeddable":true,"href":"https:\/\/apdnoticias.com\/index.php?rest_route=\/wp\/v2\/media\/643"}],"wp:attachment":[{"href":"https:\/\/apdnoticias.com\/index.php?rest_route=%2Fwp%2Fv2%2Fmedia&parent=642"}],"wp:term":[{"taxonomy":"category","embeddable":true,"href":"https:\/\/apdnoticias.com\/index.php?rest_route=%2Fwp%2Fv2%2Fcategories&post=642"},{"taxonomy":"post_tag","embeddable":true,"href":"https:\/\/apdnoticias.com\/index.php?rest_route=%2Fwp%2Fv2%2Ftags&post=642"}],"curies":[{"name":"wp","href":"https:\/\/api.w.org\/{rel}","templated":true}]}}