{"id":645,"date":"2025-01-12T03:08:29","date_gmt":"2025-01-12T03:08:29","guid":{"rendered":"http:\/\/apdnoticias.com\/?p=645"},"modified":"2025-01-12T03:08:29","modified_gmt":"2025-01-12T03:08:29","slug":"reitera-jose-luis-uriostegui-colaboracion-con-margarita-gonzales-para-el-desarrollo-de-cuernavaca-y-morelos","status":"publish","type":"post","link":"https:\/\/apdnoticias.com\/?p=645","title":{"rendered":"Reitera Jos\u00e9 Luis Uri\u00f3stegui colaboraci\u00f3n con Margarita Gonzales para el desarrollo de Cuernavaca y Morelos"},"content":{"rendered":"\n<p><\/p>\n\n\n\n<p><\/p>\n\n\n\n<p>El presidente municipal de Cuernavaca, Jos\u00e9 Luis Uri\u00f3stegui Salgado, reafirma su compromiso de colaboraci\u00f3n interinstitucional con el Gobierno del Estado de Morelos, encabezado por Margarita Gonz\u00e1lez Saravia, para fortalecer el desarrollo de Morelos e impulsar proyectos que beneficien a la comunidad y promuevan el bienestar de las familias de la regi\u00f3n.<\/p>\n\n\n\n<p>Al acudir este s\u00e1bado al informe de los primeros 100 d\u00edas de administraci\u00f3n de la Gobernadora del Estado, el alcalde capitalino en compa\u00f1\u00eda de su esposa, Luz Mar\u00eda Zagal Guzm\u00e1n, presidenta del Sistema Municipal DIF Cuernavaca, consider\u00f3 la presente gesti\u00f3n estatal como un parteaguas para consolidar una estrecha colaboraci\u00f3n entre poderes, luego de cerca de 12 a\u00f1os de abandono por parte del Gobierno Estatal al Ayuntamiento capitalino.<\/p>\n\n\n\n<p>Desde hace tres a\u00f1os, Uri\u00f3stegui Salgado ha impulsado iniciativas que buscan revertir a\u00f1os de descuido en Cuernavaca en materia de infraestructura, seguridad, servicios p\u00fablicos y desarrollo social, ahora con el apoyo del gobierno estatal, en estos primeros tres meses, se han comenzado a fortalecer en conjunto las acciones para dejar atr\u00e1s las deficiencias del pasado bajo compromiso de crear un futuro pr\u00f3spero para construir la ciudad que merecemos.<\/p>\n","protected":false},"excerpt":{"rendered":"<p>El presidente municipal de Cuernavaca, Jos\u00e9 Luis Uri\u00f3stegui Salgado, reafirma su compromiso de colaboraci\u00f3n interinstitucional con el Gobierno del Estado de Morelos, encabezado por Margarita Gonz\u00e1lez Saravia, para fortalecer el desarrollo de Morelos e impulsar proyectos que beneficien a la comunidad y promuevan el bienestar de las familias de la regi\u00f3n. Al acudir este s\u00e1bado [&hellip;]<\/p>\n","protected":false},"author":3,"featured_media":646,"comment_status":"open","ping_status":"open","sticky":false,"template":"","format":"standard","meta":{"_jetpack_memberships_contains_paid_content":false,"footnotes":""},"categories":[5],"tags":[],"class_list":["post-645","post","type-post","status-publish","format-standard","has-post-thumbnail","hentry","category-morelos"],"jetpack_featured_media_url":"https:\/\/apdnoticias.com\/wp-content\/uploads\/2025\/01\/9d06e3b6-85fe-444d-87c9-b0645c88c08a.jpeg","jetpack_sharing_enabled":true,"_links":{"self":[{"href":"https:\/\/apdnoticias.com\/index.php?rest_route=\/wp\/v2\/posts\/645","targetHints":{"allow":["GET"]}}],"collection":[{"href":"https:\/\/apdnoticias.com\/index.php?rest_route=\/wp\/v2\/posts"}],"about":[{"href":"https:\/\/apdnoticias.com\/index.php?rest_route=\/wp\/v2\/types\/post"}],"author":[{"embeddable":true,"href":"https:\/\/apdnoticias.com\/index.php?rest_route=\/wp\/v2\/users\/3"}],"replies":[{"embeddable":true,"href":"https:\/\/apdnoticias.com\/index.php?rest_route=%2Fwp%2Fv2%2Fcomments&post=645"}],"version-history":[{"count":1,"href":"https:\/\/apdnoticias.com\/index.php?rest_route=\/wp\/v2\/posts\/645\/revisions"}],"predecessor-version":[{"id":647,"href":"https:\/\/apdnoticias.com\/index.php?rest_route=\/wp\/v2\/posts\/645\/revisions\/647"}],"wp:featuredmedia":[{"embeddable":true,"href":"https:\/\/apdnoticias.com\/index.php?rest_route=\/wp\/v2\/media\/646"}],"wp:attachment":[{"href":"https:\/\/apdnoticias.com\/index.php?rest_route=%2Fwp%2Fv2%2Fmedia&parent=645"}],"wp:term":[{"taxonomy":"category","embeddable":true,"href":"https:\/\/apdnoticias.com\/index.php?rest_route=%2Fwp%2Fv2%2Fcategories&post=645"},{"taxonomy":"post_tag","embeddable":true,"href":"https:\/\/apdnoticias.com\/index.php?rest_route=%2Fwp%2Fv2%2Ftags&post=645"}],"curies":[{"name":"wp","href":"https:\/\/api.w.org\/{rel}","templated":true}]}}