{"id":650,"date":"2025-01-14T03:00:01","date_gmt":"2025-01-14T03:00:01","guid":{"rendered":"http:\/\/apdnoticias.com\/?p=650"},"modified":"2025-01-14T05:51:12","modified_gmt":"2025-01-14T05:51:12","slug":"650","status":"publish","type":"post","link":"https:\/\/apdnoticias.com\/?p=650","title":{"rendered":"Cinco integrantes de la planilla morada en Huitzilac fueron privados de la vida"},"content":{"rendered":"\n<p><strong>Nadya Limas<\/strong><\/p>\n\n\n\n<p>Cuernavaca.Mor- Cuatro hombres y una mujer integrantes de la Planilla morada del municipio de Huitzilac, fueron privados de la vida por un grupo armado en el barrio de Juan San del municipio ya mencionado la noche de este lunes.<\/p>\n\n\n\n<p>La informaci\u00f3n extraoficial obtenida hasta el momento, indicar\u00eda que podr\u00edan ser m\u00e1s personas heridas, dicha planilla morada se encontraba participando en la elecci\u00f3n de bienes comunales del territorio a unos metros del pante\u00f3n de la zona, cuando fueron atacados por sujetos armados conduciendo una moto.\u00a0<\/p>\n\n\n\n<p>La Guardia Nacional (GN), el Ej\u00e9rcito Mexicano y la Polic\u00eda de Morelos se encuentran en el lugar de los hechos, no hay detenidos.\u00a0 <\/p>\n\n\n\n<p>Las v\u00edctimas fueron identificadas como Silvia \u00abN\u00bb (43 a\u00f1os), Juan Carlos \u00abN\u00bb (49), Juan \u00abN\u00bb (47), Juan Manuel \u00abN\u00bb (43) y \u00c1lvaro \u00abN\u00bb.  <\/p>\n\n\n\n<p>El Poder Ejecutivo de Morelos expreso sus condolencias y solidaridad a las familias de las v\u00edctimas as\u00ed como al pueblo de Huitzilac por medio de un comunicado que publicaron en sus redes sociales y el Ejecutivo reiter\u00f3 su compromiso para garantizar la seguridad de la gente del estado. <\/p>\n\n\n\n<p>Cabe mencionar que la Secretar\u00eda de Seguridad y Protecci\u00f3n Ciudadana (SSPC) reforzar\u00e1 los trabajos a trav\u00e9s de la Mesa de Coordinaci\u00f3n Estatal para la Construcci\u00f3n de Paz, con el prop\u00f3sito de intensificar las acciones de vigilancia y prevenci\u00f3n de delitos en la demarcaci\u00f3n y sus alrededores.<\/p>\n\n\n\n<p><\/p>\n","protected":false},"excerpt":{"rendered":"<p>Nadya Limas Cuernavaca.Mor- Cuatro hombres y una mujer integrantes de la Planilla morada del municipio de Huitzilac, fueron privados de la vida por un grupo armado en el barrio de Juan San del municipio ya mencionado la noche de este lunes. La informaci\u00f3n extraoficial obtenida hasta el momento, indicar\u00eda que podr\u00edan ser m\u00e1s personas heridas, [&hellip;]<\/p>\n","protected":false},"author":3,"featured_media":657,"comment_status":"open","ping_status":"open","sticky":false,"template":"","format":"standard","meta":{"_jetpack_memberships_contains_paid_content":false,"footnotes":""},"categories":[5],"tags":[],"class_list":["post-650","post","type-post","status-publish","format-standard","has-post-thumbnail","hentry","category-morelos"],"jetpack_featured_media_url":"https:\/\/apdnoticias.com\/wp-content\/uploads\/2025\/01\/3D6A69B7-E26F-478F-B375-13279DB2674C.jpeg","jetpack_sharing_enabled":true,"_links":{"self":[{"href":"https:\/\/apdnoticias.com\/index.php?rest_route=\/wp\/v2\/posts\/650","targetHints":{"allow":["GET"]}}],"collection":[{"href":"https:\/\/apdnoticias.com\/index.php?rest_route=\/wp\/v2\/posts"}],"about":[{"href":"https:\/\/apdnoticias.com\/index.php?rest_route=\/wp\/v2\/types\/post"}],"author":[{"embeddable":true,"href":"https:\/\/apdnoticias.com\/index.php?rest_route=\/wp\/v2\/users\/3"}],"replies":[{"embeddable":true,"href":"https:\/\/apdnoticias.com\/index.php?rest_route=%2Fwp%2Fv2%2Fcomments&post=650"}],"version-history":[{"count":7,"href":"https:\/\/apdnoticias.com\/index.php?rest_route=\/wp\/v2\/posts\/650\/revisions"}],"predecessor-version":[{"id":665,"href":"https:\/\/apdnoticias.com\/index.php?rest_route=\/wp\/v2\/posts\/650\/revisions\/665"}],"wp:featuredmedia":[{"embeddable":true,"href":"https:\/\/apdnoticias.com\/index.php?rest_route=\/wp\/v2\/media\/657"}],"wp:attachment":[{"href":"https:\/\/apdnoticias.com\/index.php?rest_route=%2Fwp%2Fv2%2Fmedia&parent=650"}],"wp:term":[{"taxonomy":"category","embeddable":true,"href":"https:\/\/apdnoticias.com\/index.php?rest_route=%2Fwp%2Fv2%2Fcategories&post=650"},{"taxonomy":"post_tag","embeddable":true,"href":"https:\/\/apdnoticias.com\/index.php?rest_route=%2Fwp%2Fv2%2Ftags&post=650"}],"curies":[{"name":"wp","href":"https:\/\/api.w.org\/{rel}","templated":true}]}}