{"id":681,"date":"2025-01-17T01:11:38","date_gmt":"2025-01-17T01:11:38","guid":{"rendered":"http:\/\/apdnoticias.com\/?p=681"},"modified":"2025-01-17T01:11:38","modified_gmt":"2025-01-17T01:11:38","slug":"jose-luis-uriostegui-refrenda-colaboracion-interinstitucional-con-gobierno-federal","status":"publish","type":"post","link":"https:\/\/apdnoticias.com\/?p=681","title":{"rendered":"Jos\u00e9 Luis Uri\u00f3stegui refrenda colaboraci\u00f3n interinstitucional con Gobierno Federal"},"content":{"rendered":"\n<p>El alcalde de Cuernavaca particip\u00f3 en el 1er. Encuentro Nacional Municipal, donde se estableci\u00f3 el camino para impulsar v\u00ednculos intergubernamentales<\/p>\n\n\n\n<p>El presidente municipal de Cuernavaca, Jos\u00e9 Luis Uri\u00f3stegui Salgado, reafirm\u00f3 el papel crucial de los gobiernos locales en la implementaci\u00f3n de pol\u00edticas p\u00fablicas que logren un impacto real y positivo en el desarrollo nacional, lo cual qued\u00f3 refrendado al participar este jueves en el \u00abEncuentro Nacional Municipal\u00bb, evento convocado por la presidenta de M\u00e9xico, Claudia Sheinbaum Pardo.<\/p>\n\n\n\n<p>Esta reuni\u00f3n, a la que fueron convocados las 32 gobernadoras y gobernadores, integrantes del Gabinete Federal y dos mil 475 alcaldesas y alcaldes del pa\u00eds, tuvo como objetivo el intercambio de ideas, estrategias y pol\u00edticas enfocadas en el desarrollo municipal y la mejora de la gesti\u00f3n p\u00fablica en todo el territorio nacional.<\/p>\n\n\n\n<p>Teniendo como escenario el World Trade Center en Ciudad de M\u00e9xico, Jos\u00e9 Luis Uri\u00f3stegui Salgado resalt\u00f3 la importancia de fortalecer la cooperaci\u00f3n entre los diferentes niveles de gobierno, para impulsar pol\u00edticas p\u00fablicas que respondan de manera efectiva a las necesidades de la ciudadan\u00eda, siendo este espacio un ejemplo de ello, al promover los v\u00ednculos intergubernamentales, as\u00ed como un espacio de di\u00e1logo y colaboraci\u00f3n eficaz.<\/p>\n\n\n\n<p>En este encuentro hist\u00f3rico e in\u00e9dito destacaron como temas centrales el agua y la seguridad, adem\u00e1s del Plan Nacional de Desarrollo 2025- 2030, que establece las directrices para el crecimiento econ\u00f3mico, social y ambiental en los pr\u00f3ximos a\u00f1os; y el Fondo de la Infraestructura Social para las Entidades (FISE) que se\u00f1ala la ruta de aplicaci\u00f3n de estos recursos de infraestructura social en comunidades y pueblos originarios.<\/p>\n","protected":false},"excerpt":{"rendered":"<p>El alcalde de Cuernavaca particip\u00f3 en el 1er. Encuentro Nacional Municipal, donde se estableci\u00f3 el camino para impulsar v\u00ednculos intergubernamentales El presidente municipal de Cuernavaca, Jos\u00e9 Luis Uri\u00f3stegui Salgado, reafirm\u00f3 el papel crucial de los gobiernos locales en la implementaci\u00f3n de pol\u00edticas p\u00fablicas que logren un impacto real y positivo en el desarrollo nacional, lo [&hellip;]<\/p>\n","protected":false},"author":3,"featured_media":682,"comment_status":"open","ping_status":"open","sticky":false,"template":"","format":"standard","meta":{"_jetpack_memberships_contains_paid_content":false,"footnotes":""},"categories":[5,7],"tags":[],"class_list":["post-681","post","type-post","status-publish","format-standard","has-post-thumbnail","hentry","category-morelos","category-mundo"],"jetpack_featured_media_url":"https:\/\/apdnoticias.com\/wp-content\/uploads\/2025\/01\/7C4777D7-FE9A-452F-9F47-E2A36D059C84.jpeg","jetpack_sharing_enabled":true,"_links":{"self":[{"href":"https:\/\/apdnoticias.com\/index.php?rest_route=\/wp\/v2\/posts\/681","targetHints":{"allow":["GET"]}}],"collection":[{"href":"https:\/\/apdnoticias.com\/index.php?rest_route=\/wp\/v2\/posts"}],"about":[{"href":"https:\/\/apdnoticias.com\/index.php?rest_route=\/wp\/v2\/types\/post"}],"author":[{"embeddable":true,"href":"https:\/\/apdnoticias.com\/index.php?rest_route=\/wp\/v2\/users\/3"}],"replies":[{"embeddable":true,"href":"https:\/\/apdnoticias.com\/index.php?rest_route=%2Fwp%2Fv2%2Fcomments&post=681"}],"version-history":[{"count":1,"href":"https:\/\/apdnoticias.com\/index.php?rest_route=\/wp\/v2\/posts\/681\/revisions"}],"predecessor-version":[{"id":683,"href":"https:\/\/apdnoticias.com\/index.php?rest_route=\/wp\/v2\/posts\/681\/revisions\/683"}],"wp:featuredmedia":[{"embeddable":true,"href":"https:\/\/apdnoticias.com\/index.php?rest_route=\/wp\/v2\/media\/682"}],"wp:attachment":[{"href":"https:\/\/apdnoticias.com\/index.php?rest_route=%2Fwp%2Fv2%2Fmedia&parent=681"}],"wp:term":[{"taxonomy":"category","embeddable":true,"href":"https:\/\/apdnoticias.com\/index.php?rest_route=%2Fwp%2Fv2%2Fcategories&post=681"},{"taxonomy":"post_tag","embeddable":true,"href":"https:\/\/apdnoticias.com\/index.php?rest_route=%2Fwp%2Fv2%2Ftags&post=681"}],"curies":[{"name":"wp","href":"https:\/\/api.w.org\/{rel}","templated":true}]}}