{"id":684,"date":"2025-01-20T12:30:24","date_gmt":"2025-01-20T12:30:24","guid":{"rendered":"http:\/\/apdnoticias.com\/?p=684"},"modified":"2025-01-20T12:30:24","modified_gmt":"2025-01-20T12:30:24","slug":"impulsa-jose-luis-uriostegui-el-ordenamiento-territorial-con-la-instalacion-de-la-junta-local-catastral","status":"publish","type":"post","link":"https:\/\/apdnoticias.com\/?p=684","title":{"rendered":"Impulsa Jos\u00e9 Luis Uri\u00f3stegui el ordenamiento territorial con la instalaci\u00f3n de la junta local catastral"},"content":{"rendered":"\n<p>El presidente municipal de Cuernavaca destac\u00f3 la participaci\u00f3n de diversos sectores profesionales para fortalecer la actualizaci\u00f3n y control catastral<\/p>\n\n\n\n<p>Con el objetivo de fortalecer la gesti\u00f3n catastral y mejorar los procesos de actualizaci\u00f3n y control en la materia, Jos\u00e9 Luis Uri\u00f3stegui Salgado, presidente municipal de Cuernavaca, llev\u00f3 a cabo la instalaci\u00f3n y toma de protesta de la Junta Local Catastral para el periodo 2025- 2027, la cual estar\u00e1 presidiendo con la participaci\u00f3n de colegios y asociaciones de arquitectos, ingenieros civiles, valuadores, notarios y profesionales inmobiliarios.<\/p>\n\n\n\n<p>En su intervenci\u00f3n, el alcalde capitalino subray\u00f3 la importancia de esta nueva etapa para el desarrollo y modernizaci\u00f3n de los registros catastrales, fundamentales para la planificaci\u00f3n urbana, la recaudaci\u00f3n fiscal y la correcta valoraci\u00f3n de los bienes inmuebles. Destac\u00f3, adem\u00e1s, que la integraci\u00f3n de nuevos conocimientos permitir\u00e1 dise\u00f1ar programas de alto impacto en beneficio de la poblaci\u00f3n.<\/p>\n\n\n\n<p>Acompa\u00f1ado de la s\u00edndica municipal, Paula Trade Hidalgo, y de la regidora Erika Lastra Jaimes; enfatiz\u00f3 el trabajo hecho en su pasada administraci\u00f3n, para concretar la delimitaci\u00f3n geogr\u00e1fica del territorio y el reconocimiento de las colonias y poblados de Cuernavaca, que por muchos a\u00f1os gener\u00f3 incertidumbre entre la poblaci\u00f3n, lo que dio como resultado el registr\u00f3 de 243 comunidades m\u00e1s los 12 poblados originarios y dos localidades, La Carpa y El Cebadal, que forman parte del Ejido de Santa Mar\u00eda.<\/p>\n\n\n\n<p>Asimismo, Uri\u00f3stegui Salgado resalt\u00f3 que la suma de conocimientos con colegios y asociaciones de arquitectos, ingenieros civiles, valuadores, notarios y profesionales inmobiliarios, permitir\u00e1 desarrollar programas de alto impacto para la ciudadan\u00eda en rubros como las tablas de valores de bienes inmuebles, tanto de construcci\u00f3n como de terreno; el reaval\u00fao o nuevos aval\u00faos de inmuebles, as\u00ed como la soluci\u00f3n de controversias planteadas por particulares.<\/p>\n\n\n\n<p>No obstante, refiri\u00f3 que de igual forma servir\u00e1 para reanudar programas exitosos, como regresar el 40 por ciento de lo recaudado por el impuesto predial y servicios p\u00fablicos a cada regi\u00f3n catastral, siendo el trabajo de la Junta Local trascendental para las finanzas del Ayuntamiento, pero tambi\u00e9n para la estabilidad y el desarrollo urbano de Cuernavaca.<\/p>\n\n\n\n<p>Como integrantes de este cuerpo colegiado asistieron Fernando Streber Montagne, director de Catastro e Impuesto Predial; Demetrio Chavira de la Torre, secretario de Desarrollo Urbano y Obras P\u00fablicas, y Javier Arozarena Salazar, tesorero municipal.<\/p>\n","protected":false},"excerpt":{"rendered":"<p>El presidente municipal de Cuernavaca destac\u00f3 la participaci\u00f3n de diversos sectores profesionales para fortalecer la actualizaci\u00f3n y control catastral Con el objetivo de fortalecer la gesti\u00f3n catastral y mejorar los procesos de actualizaci\u00f3n y control en la materia, Jos\u00e9 Luis Uri\u00f3stegui Salgado, presidente municipal de Cuernavaca, llev\u00f3 a cabo la instalaci\u00f3n y toma de protesta [&hellip;]<\/p>\n","protected":false},"author":3,"featured_media":685,"comment_status":"open","ping_status":"open","sticky":false,"template":"","format":"standard","meta":{"_jetpack_memberships_contains_paid_content":false,"footnotes":""},"categories":[5],"tags":[],"class_list":["post-684","post","type-post","status-publish","format-standard","has-post-thumbnail","hentry","category-morelos"],"jetpack_featured_media_url":"https:\/\/apdnoticias.com\/wp-content\/uploads\/2025\/01\/BD41BC34-E9CC-4D9C-B58D-1069AFBE64B7.jpeg","jetpack_sharing_enabled":true,"_links":{"self":[{"href":"https:\/\/apdnoticias.com\/index.php?rest_route=\/wp\/v2\/posts\/684","targetHints":{"allow":["GET"]}}],"collection":[{"href":"https:\/\/apdnoticias.com\/index.php?rest_route=\/wp\/v2\/posts"}],"about":[{"href":"https:\/\/apdnoticias.com\/index.php?rest_route=\/wp\/v2\/types\/post"}],"author":[{"embeddable":true,"href":"https:\/\/apdnoticias.com\/index.php?rest_route=\/wp\/v2\/users\/3"}],"replies":[{"embeddable":true,"href":"https:\/\/apdnoticias.com\/index.php?rest_route=%2Fwp%2Fv2%2Fcomments&post=684"}],"version-history":[{"count":1,"href":"https:\/\/apdnoticias.com\/index.php?rest_route=\/wp\/v2\/posts\/684\/revisions"}],"predecessor-version":[{"id":686,"href":"https:\/\/apdnoticias.com\/index.php?rest_route=\/wp\/v2\/posts\/684\/revisions\/686"}],"wp:featuredmedia":[{"embeddable":true,"href":"https:\/\/apdnoticias.com\/index.php?rest_route=\/wp\/v2\/media\/685"}],"wp:attachment":[{"href":"https:\/\/apdnoticias.com\/index.php?rest_route=%2Fwp%2Fv2%2Fmedia&parent=684"}],"wp:term":[{"taxonomy":"category","embeddable":true,"href":"https:\/\/apdnoticias.com\/index.php?rest_route=%2Fwp%2Fv2%2Fcategories&post=684"},{"taxonomy":"post_tag","embeddable":true,"href":"https:\/\/apdnoticias.com\/index.php?rest_route=%2Fwp%2Fv2%2Ftags&post=684"}],"curies":[{"name":"wp","href":"https:\/\/api.w.org\/{rel}","templated":true}]}}