{"id":687,"date":"2025-01-20T18:47:29","date_gmt":"2025-01-20T18:47:29","guid":{"rendered":"http:\/\/apdnoticias.com\/?p=687"},"modified":"2025-01-20T18:47:29","modified_gmt":"2025-01-20T18:47:29","slug":"deportacion-masiva-no-estamos-de-brazos-cruzados-estamos-organizados-gonzalez-saravia","status":"publish","type":"post","link":"https:\/\/apdnoticias.com\/?p=687","title":{"rendered":"Deportaci\u00f3n masiva: \u00abNo estamos de brazos cruzados, estamos organizados\u201d: Gonz\u00e1lez Saravia"},"content":{"rendered":"\n<p>David Monroy \/ Morelos<\/p>\n\n\n\n<p>JIUTEPEC, MOR.- La gobernadora de Morelos, Margarita Gonz\u00e1lez Saravia asegur\u00f3 que su administraci\u00f3n no est\u00e1 de brazos cruzados ante la posibilidad de que el presidente de Estados Unidos, Donald Trump cumpla su amenaza de deportaciones masivas de mexicanos, entre los que se encontrar\u00edan tambi\u00e9n morelenses y anunci\u00f3 apoyos adicionales a los que ofrecer\u00e1 el gobierno federal.<\/p>\n\n\n\n<p>\u201cSe nos olvida la importancia que tienen nuestros hermanos migrantes en la econom\u00eda norteamericana, trabajan en todos los sectores, algunos ya son empresarios, pero son indispensables en la econom\u00eda americana\u201d, expres\u00f3 Gonz\u00e1lez Saravia al ponderar que los mexicanos son una importante fuera de trabajo para ese pa\u00eds.<\/p>\n\n\n\n<p>En conferencia de prensa, Gonz\u00e1lez Saravia afirm\u00f3 que aun cuando Trump ha insistido en que enviar\u00e1 a su pa\u00eds a todos los indocumentados, de los cuales varios miles son morelenses, todav\u00eda falta por ver si eso se cumple porque unos son los discursos de campa\u00f1a y otra la realidad\u2019<\/p>\n\n\n\n<p>\u201cEntonces vamos a esperar a ver qu\u00e9 sucede realmente. Lo que s\u00ed es importante es que en Morelos no estamos cruzados de brazos, estamos organizados para cualquier situaci\u00f3n y pues al igual estamos a la espera de cu\u00e1l ser\u00e1 lo que realmente se haga, porque una cosa es hablar y otra cosa es realmente hacerlo\u201d<\/p>\n\n\n\n<p>Luego de que por la ma\u00f1ana de este lunes la presidenta Claudia Sheinbaum oficializ\u00f3 apoyos hasta de dos mil pesos para cada migrante deportado a M\u00e9xico, apoy\u00f3 para regresar a su lugar de origen, as\u00ed como otros apoyos econ\u00f3micos, incluso, respald\u00f3 en los consulados y embajada de M\u00e9xico en Estados Unidos, en Morelos tambi\u00e9n habr\u00e1 apoyos.<\/p>\n\n\n\n<p>De acuerdo con Ver\u00f3nica Giles Ch\u00e1vez, directora general de Atenci\u00f3n a Migrantes del gobierno del estado, adem\u00e1s de los apoyos federales, los migrantes morelenses que regresan al estado, tambi\u00e9n tendr\u00e1n apoyo de las autoridades estatales.<\/p>\n\n\n\n<p>Estos apoyos consisten en respaldo jur\u00eddico, pero tambi\u00e9n apoyos para emprender de hasta 15 mil pesos as\u00ed como un espacio (albergue) para llegar a Morelos, organizar sus papeles personales y regresar a sus comunidades<\/p>\n","protected":false},"excerpt":{"rendered":"<p>David Monroy \/ Morelos JIUTEPEC, MOR.- La gobernadora de Morelos, Margarita Gonz\u00e1lez Saravia asegur\u00f3 que su administraci\u00f3n no est\u00e1 de brazos cruzados ante la posibilidad de que el presidente de Estados Unidos, Donald Trump cumpla su amenaza de deportaciones masivas de mexicanos, entre los que se encontrar\u00edan tambi\u00e9n morelenses y anunci\u00f3 apoyos adicionales a los [&hellip;]<\/p>\n","protected":false},"author":3,"featured_media":688,"comment_status":"open","ping_status":"open","sticky":false,"template":"","format":"standard","meta":{"_jetpack_memberships_contains_paid_content":false,"footnotes":""},"categories":[5],"tags":[],"class_list":["post-687","post","type-post","status-publish","format-standard","has-post-thumbnail","hentry","category-morelos"],"jetpack_featured_media_url":"https:\/\/apdnoticias.com\/wp-content\/uploads\/2025\/01\/5347c6b4-02a0-43a6-b93e-49383d58c84e.jpeg","jetpack_sharing_enabled":true,"_links":{"self":[{"href":"https:\/\/apdnoticias.com\/index.php?rest_route=\/wp\/v2\/posts\/687","targetHints":{"allow":["GET"]}}],"collection":[{"href":"https:\/\/apdnoticias.com\/index.php?rest_route=\/wp\/v2\/posts"}],"about":[{"href":"https:\/\/apdnoticias.com\/index.php?rest_route=\/wp\/v2\/types\/post"}],"author":[{"embeddable":true,"href":"https:\/\/apdnoticias.com\/index.php?rest_route=\/wp\/v2\/users\/3"}],"replies":[{"embeddable":true,"href":"https:\/\/apdnoticias.com\/index.php?rest_route=%2Fwp%2Fv2%2Fcomments&post=687"}],"version-history":[{"count":1,"href":"https:\/\/apdnoticias.com\/index.php?rest_route=\/wp\/v2\/posts\/687\/revisions"}],"predecessor-version":[{"id":689,"href":"https:\/\/apdnoticias.com\/index.php?rest_route=\/wp\/v2\/posts\/687\/revisions\/689"}],"wp:featuredmedia":[{"embeddable":true,"href":"https:\/\/apdnoticias.com\/index.php?rest_route=\/wp\/v2\/media\/688"}],"wp:attachment":[{"href":"https:\/\/apdnoticias.com\/index.php?rest_route=%2Fwp%2Fv2%2Fmedia&parent=687"}],"wp:term":[{"taxonomy":"category","embeddable":true,"href":"https:\/\/apdnoticias.com\/index.php?rest_route=%2Fwp%2Fv2%2Fcategories&post=687"},{"taxonomy":"post_tag","embeddable":true,"href":"https:\/\/apdnoticias.com\/index.php?rest_route=%2Fwp%2Fv2%2Ftags&post=687"}],"curies":[{"name":"wp","href":"https:\/\/api.w.org\/{rel}","templated":true}]}}