{"id":690,"date":"2025-01-20T23:56:25","date_gmt":"2025-01-20T23:56:25","guid":{"rendered":"http:\/\/apdnoticias.com\/?p=690"},"modified":"2025-01-20T23:56:25","modified_gmt":"2025-01-20T23:56:25","slug":"asesinan-a-hombre-en-la-colonia-florido-de-mazatepec","status":"publish","type":"post","link":"https:\/\/apdnoticias.com\/?p=690","title":{"rendered":"Asesinan a hombre en la colonia Florido de Mazatepec"},"content":{"rendered":"\n<p><\/p>\n\n\n\n<p>Mazatepec, Mor.- Un hombre fue asesinado a balazos en la madrugada del lunes en la calle Azucenas, ubicada en la colonia Florido. El ataque, ocurrido alrededor de las 2:30 horas, provoc\u00f3 una fuerte movilizaci\u00f3n de cuerpos de emergencia y autoridades.<\/p>\n\n\n\n<p>Vecinos de la zona reportaron el hallazgo de un cuerpo tendido en la v\u00eda p\u00fablica, por lo que param\u00e9dicos acudieron al lugar, pero solo pudieron confirmar que la v\u00edctima ya no presentaba signos vitales.<\/p>\n\n\n\n<p>La zona fue asegurada por elementos de la Polic\u00eda Municipal, mientras peritos de la Fiscal\u00eda General del Estado realizaron las diligencias correspondientes. En el lugar se localizaron indicios bal\u00edsticos que ser\u00e1n clave en las investigaciones.<\/p>\n\n\n\n<p>El cuerpo fue trasladado al Servicio M\u00e9dico Forense, donde se le practicar\u00e1 la necropsia de ley. Por ahora, las autoridades no han revelado la identidad de la v\u00edctima y mantienen abiertas las indagatorias para esclarecer el motivo del crimen y ubicar a los responsables.<\/p>\n\n\n\n<p>Este hecho se suma a la ola de violencia que afecta a la regi\u00f3n, generando preocupaci\u00f3n entre los habitantes de Mazatepec.<\/p>\n","protected":false},"excerpt":{"rendered":"<p>Mazatepec, Mor.- Un hombre fue asesinado a balazos en la madrugada del lunes en la calle Azucenas, ubicada en la colonia Florido. El ataque, ocurrido alrededor de las 2:30 horas, provoc\u00f3 una fuerte movilizaci\u00f3n de cuerpos de emergencia y autoridades. Vecinos de la zona reportaron el hallazgo de un cuerpo tendido en la v\u00eda p\u00fablica, [&hellip;]<\/p>\n","protected":false},"author":3,"featured_media":691,"comment_status":"open","ping_status":"open","sticky":false,"template":"","format":"standard","meta":{"_jetpack_memberships_contains_paid_content":false,"footnotes":""},"categories":[5],"tags":[],"class_list":["post-690","post","type-post","status-publish","format-standard","has-post-thumbnail","hentry","category-morelos"],"jetpack_featured_media_url":"https:\/\/apdnoticias.com\/wp-content\/uploads\/2025\/01\/DA5797A3-0227-462B-A0A6-A21DDE383F32.jpeg","jetpack_sharing_enabled":true,"_links":{"self":[{"href":"https:\/\/apdnoticias.com\/index.php?rest_route=\/wp\/v2\/posts\/690","targetHints":{"allow":["GET"]}}],"collection":[{"href":"https:\/\/apdnoticias.com\/index.php?rest_route=\/wp\/v2\/posts"}],"about":[{"href":"https:\/\/apdnoticias.com\/index.php?rest_route=\/wp\/v2\/types\/post"}],"author":[{"embeddable":true,"href":"https:\/\/apdnoticias.com\/index.php?rest_route=\/wp\/v2\/users\/3"}],"replies":[{"embeddable":true,"href":"https:\/\/apdnoticias.com\/index.php?rest_route=%2Fwp%2Fv2%2Fcomments&post=690"}],"version-history":[{"count":1,"href":"https:\/\/apdnoticias.com\/index.php?rest_route=\/wp\/v2\/posts\/690\/revisions"}],"predecessor-version":[{"id":692,"href":"https:\/\/apdnoticias.com\/index.php?rest_route=\/wp\/v2\/posts\/690\/revisions\/692"}],"wp:featuredmedia":[{"embeddable":true,"href":"https:\/\/apdnoticias.com\/index.php?rest_route=\/wp\/v2\/media\/691"}],"wp:attachment":[{"href":"https:\/\/apdnoticias.com\/index.php?rest_route=%2Fwp%2Fv2%2Fmedia&parent=690"}],"wp:term":[{"taxonomy":"category","embeddable":true,"href":"https:\/\/apdnoticias.com\/index.php?rest_route=%2Fwp%2Fv2%2Fcategories&post=690"},{"taxonomy":"post_tag","embeddable":true,"href":"https:\/\/apdnoticias.com\/index.php?rest_route=%2Fwp%2Fv2%2Ftags&post=690"}],"curies":[{"name":"wp","href":"https:\/\/api.w.org\/{rel}","templated":true}]}}