{"id":705,"date":"2025-01-23T20:12:41","date_gmt":"2025-01-23T20:12:41","guid":{"rendered":"http:\/\/apdnoticias.com\/?p=705"},"modified":"2025-01-23T20:12:41","modified_gmt":"2025-01-23T20:12:41","slug":"un-trailer-se-vuelca-en-la-mexico-cuernavaca","status":"publish","type":"post","link":"https:\/\/apdnoticias.com\/?p=705","title":{"rendered":"Un tr\u00e1iler se vuelca en la M\u00e9xico-Cuernavaca"},"content":{"rendered":"\n<p>Un tr\u00e1iler volc\u00f3 en la autopista M\u00e9xico-Cuernavaca, en el tramo conocido como La Pera, ubicado en el municipio de Tepoztl\u00e1n.<\/p>\n\n\n\n<p>El accidente ocurri\u00f3 alrededor de las 06:15 horas de este jueves, seg\u00fan reportaron automovilistas a las autoridades.<\/p>\n\n\n\n<p>El veh\u00edculo de carga pesada se impact\u00f3 contra el muro de contenci\u00f3n y termin\u00f3 volcado sobre este, provocando caos vial en la zona.<\/p>\n\n\n\n<p>Al lugar llegaron elementos de Caminos y Puentes Federales (Capufe) y la Guardia Nacional para brindar atenci\u00f3n a las personas heridas, restablecer la circulaci\u00f3n vehicular y proceder con el retiro de la unidad accidentada.<\/p>\n","protected":false},"excerpt":{"rendered":"<p>Un tr\u00e1iler volc\u00f3 en la autopista M\u00e9xico-Cuernavaca, en el tramo conocido como La Pera, ubicado en el municipio de Tepoztl\u00e1n. El accidente ocurri\u00f3 alrededor de las 06:15 horas de este jueves, seg\u00fan reportaron automovilistas a las autoridades. El veh\u00edculo de carga pesada se impact\u00f3 contra el muro de contenci\u00f3n y termin\u00f3 volcado sobre este, provocando [&hellip;]<\/p>\n","protected":false},"author":3,"featured_media":706,"comment_status":"open","ping_status":"open","sticky":false,"template":"","format":"standard","meta":{"_jetpack_memberships_contains_paid_content":false,"footnotes":""},"categories":[5],"tags":[],"class_list":["post-705","post","type-post","status-publish","format-standard","has-post-thumbnail","hentry","category-morelos"],"jetpack_featured_media_url":"https:\/\/apdnoticias.com\/wp-content\/uploads\/2025\/01\/f96edc08-4ea2-4ee0-864e-62d2e7349afe.jpeg","jetpack_sharing_enabled":true,"_links":{"self":[{"href":"https:\/\/apdnoticias.com\/index.php?rest_route=\/wp\/v2\/posts\/705","targetHints":{"allow":["GET"]}}],"collection":[{"href":"https:\/\/apdnoticias.com\/index.php?rest_route=\/wp\/v2\/posts"}],"about":[{"href":"https:\/\/apdnoticias.com\/index.php?rest_route=\/wp\/v2\/types\/post"}],"author":[{"embeddable":true,"href":"https:\/\/apdnoticias.com\/index.php?rest_route=\/wp\/v2\/users\/3"}],"replies":[{"embeddable":true,"href":"https:\/\/apdnoticias.com\/index.php?rest_route=%2Fwp%2Fv2%2Fcomments&post=705"}],"version-history":[{"count":1,"href":"https:\/\/apdnoticias.com\/index.php?rest_route=\/wp\/v2\/posts\/705\/revisions"}],"predecessor-version":[{"id":707,"href":"https:\/\/apdnoticias.com\/index.php?rest_route=\/wp\/v2\/posts\/705\/revisions\/707"}],"wp:featuredmedia":[{"embeddable":true,"href":"https:\/\/apdnoticias.com\/index.php?rest_route=\/wp\/v2\/media\/706"}],"wp:attachment":[{"href":"https:\/\/apdnoticias.com\/index.php?rest_route=%2Fwp%2Fv2%2Fmedia&parent=705"}],"wp:term":[{"taxonomy":"category","embeddable":true,"href":"https:\/\/apdnoticias.com\/index.php?rest_route=%2Fwp%2Fv2%2Fcategories&post=705"},{"taxonomy":"post_tag","embeddable":true,"href":"https:\/\/apdnoticias.com\/index.php?rest_route=%2Fwp%2Fv2%2Ftags&post=705"}],"curies":[{"name":"wp","href":"https:\/\/api.w.org\/{rel}","templated":true}]}}