{"id":712,"date":"2025-01-26T23:57:56","date_gmt":"2025-01-26T23:57:56","guid":{"rendered":"http:\/\/apdnoticias.com\/?p=712"},"modified":"2025-01-26T23:57:56","modified_gmt":"2025-01-26T23:57:56","slug":"jose-luis-uriostegui-salgado-consolida-a-cuernavaca-como-modelo-de-exito-en-gestion-urbana","status":"publish","type":"post","link":"https:\/\/apdnoticias.com\/?p=712","title":{"rendered":"Jos\u00e9 Luis Uri\u00f3stegui Salgado consolida a Cuernavaca como modelo de \u00e9xito en gesti\u00f3n urbana"},"content":{"rendered":"\n<p>\u2022 El Edil reafirma el compromiso con la mejora continua y la colaboraci\u00f3n entre alcald\u00edas<\/p>\n\n\n\n<p>Ante los significativos avances y el desarrollo alcanzado por Cuernavaca en los \u00faltimos tres a\u00f1os, el presidente municipal, Jos\u00e9 Luis Uri\u00f3stegui Salgado, participar\u00e1 en la tercera edici\u00f3n de \u201cVisionarios Summit\u201d, organizada por la Aceleradora de Ciudades de la Escuela de Gobierno y Transformaci\u00f3n P\u00fablica del TEC de Monterrey.<\/p>\n\n\n\n<p>Este evento reunir\u00e1 a l\u00edderes municipales de todo el pa\u00eds con el objetivo de compartir experiencias exitosas y promover el intercambio de buenas pr\u00e1cticas en la gesti\u00f3n urbana, para su replicaci\u00f3n en diversas ciudades.<\/p>\n\n\n\n<p>Tras recibir la invitaci\u00f3n del exalcalde de San Pedro Garza Garc\u00eda, Miguel Bernardo Trevi\u00f1o de Hoyos, y luego de una fruct\u00edfera conversaci\u00f3n, Uri\u00f3stegui Salgado destac\u00f3 la importancia de este tipo de eventos que facilitan el intercambio de conocimientos y la implementaci\u00f3n de proyectos que favorezcan el crecimiento y desarrollo continuo de Cuernavaca.<\/p>\n\n\n\n<p>La Aceleradora de Ciudades ofrece apoyo t\u00e9cnico especializado, capacitaci\u00f3n y herramientas avanzadas a los alcaldes de M\u00e9xico, con el fin de implementar soluciones innovadoras en un corto plazo, mejorando la calidad de vida y la eficiencia en las ciudades.<\/p>\n\n\n\n<p>La invitaci\u00f3n a este evento subraya el reconocimiento de Cuernavaca como un modelo de \u00e9xito dentro del \u00e1mbito municipal, reafirmando el compromiso de Jos\u00e9 Luis Uri\u00f3stegui Salgado con la mejora constante de la ciudad y el fortalecimiento de la colaboraci\u00f3n entre diferentes alcald\u00edas del pa\u00eds, siempre buscando el bienestar de las y los ciudadanos.<\/p>\n","protected":false},"excerpt":{"rendered":"<p>\u2022 El Edil reafirma el compromiso con la mejora continua y la colaboraci\u00f3n entre alcald\u00edas Ante los significativos avances y el desarrollo alcanzado por Cuernavaca en los \u00faltimos tres a\u00f1os, el presidente municipal, Jos\u00e9 Luis Uri\u00f3stegui Salgado, participar\u00e1 en la tercera edici\u00f3n de \u201cVisionarios Summit\u201d, organizada por la Aceleradora de Ciudades de la Escuela de [&hellip;]<\/p>\n","protected":false},"author":3,"featured_media":713,"comment_status":"open","ping_status":"open","sticky":false,"template":"","format":"standard","meta":{"_jetpack_memberships_contains_paid_content":false,"footnotes":""},"categories":[5],"tags":[],"class_list":["post-712","post","type-post","status-publish","format-standard","has-post-thumbnail","hentry","category-morelos"],"jetpack_featured_media_url":"https:\/\/apdnoticias.com\/wp-content\/uploads\/2025\/01\/3767339a-0425-4c8b-b05c-c14e3cfcbd7c-scaled.jpeg","jetpack_sharing_enabled":true,"_links":{"self":[{"href":"https:\/\/apdnoticias.com\/index.php?rest_route=\/wp\/v2\/posts\/712","targetHints":{"allow":["GET"]}}],"collection":[{"href":"https:\/\/apdnoticias.com\/index.php?rest_route=\/wp\/v2\/posts"}],"about":[{"href":"https:\/\/apdnoticias.com\/index.php?rest_route=\/wp\/v2\/types\/post"}],"author":[{"embeddable":true,"href":"https:\/\/apdnoticias.com\/index.php?rest_route=\/wp\/v2\/users\/3"}],"replies":[{"embeddable":true,"href":"https:\/\/apdnoticias.com\/index.php?rest_route=%2Fwp%2Fv2%2Fcomments&post=712"}],"version-history":[{"count":1,"href":"https:\/\/apdnoticias.com\/index.php?rest_route=\/wp\/v2\/posts\/712\/revisions"}],"predecessor-version":[{"id":714,"href":"https:\/\/apdnoticias.com\/index.php?rest_route=\/wp\/v2\/posts\/712\/revisions\/714"}],"wp:featuredmedia":[{"embeddable":true,"href":"https:\/\/apdnoticias.com\/index.php?rest_route=\/wp\/v2\/media\/713"}],"wp:attachment":[{"href":"https:\/\/apdnoticias.com\/index.php?rest_route=%2Fwp%2Fv2%2Fmedia&parent=712"}],"wp:term":[{"taxonomy":"category","embeddable":true,"href":"https:\/\/apdnoticias.com\/index.php?rest_route=%2Fwp%2Fv2%2Fcategories&post=712"},{"taxonomy":"post_tag","embeddable":true,"href":"https:\/\/apdnoticias.com\/index.php?rest_route=%2Fwp%2Fv2%2Ftags&post=712"}],"curies":[{"name":"wp","href":"https:\/\/api.w.org\/{rel}","templated":true}]}}