{"id":731,"date":"2025-02-05T03:31:57","date_gmt":"2025-02-05T03:31:57","guid":{"rendered":"http:\/\/apdnoticias.com\/?p=731"},"modified":"2025-02-05T03:31:57","modified_gmt":"2025-02-05T03:31:57","slug":"reitera-jose-luis-uriostegui-coordinacion-interinstitucional-para-seguir-fortaleciendo-la-paz-en-cuernavaca","status":"publish","type":"post","link":"https:\/\/apdnoticias.com\/?p=731","title":{"rendered":"Reitera Jos\u00e9 Luis Uri\u00f3stegui coordinaci\u00f3n interinstitucional para seguir fortaleciendo La Paz en Cuernavaca"},"content":{"rendered":"\n<p>El presidente municipal de Cuernavaca respalda esfuerzo del Ej\u00e9rcito Mexicano para erradicar la violencia y promover entornos m\u00e1s seguros para la poblaci\u00f3n<\/p>\n\n\n\n<p>El presidente municipal de Cuernavaca, Jos\u00e9 Luis Uri\u00f3stegui Salgado, particip\u00f3 este martes en la ceremonia de destrucci\u00f3n de armamento asegurado y\/o decomisado, que fue puesto a disposici\u00f3n del Ej\u00e9rcito Mexicano. Durante el evento, reafirm\u00f3 su compromiso con la mejora continua de la seguridad en la ciudad y destac\u00f3 el trabajo coordinado entre las diversas autoridades para continuar creando entornos m\u00e1s seguros para la poblaci\u00f3n.<\/p>\n\n\n\n<p>En la ceremonia, encabezada por la gobernadora Margarita Gonz\u00e1lez Saravia y el General de Brigada Diplomado de Estado Mayor Jos\u00e9 Luis Bucio Quiroz, comandante de la 24\/a. Zona Militar, el alcalde capitalino refiri\u00f3 que este tipo de actividades reflejan el esfuerzo conjunto entre el Gobierno Municipal, Estatal y Federal, as\u00ed como la contribuci\u00f3n de la sociedad, a fin de erradicar la violencia y promover el respeto a la ley.<\/p>\n\n\n\n<p>Teniendo como escenario la explanada de Plaza de Armas, y ante la presencia de integrantes del Gabinete estatal, de la Mesa de Coordinaci\u00f3n Estatal para la Construcci\u00f3n de Paz y Seguridad, adem\u00e1s de estudiantes de escuelas p\u00fablicas en la ciudad, la gobernadora Margarita Gonz\u00e1lez Saravia agradeci\u00f3 la presencia de Jos\u00e9 Luis Uri\u00f3stegui, al tiempo de reconocer los esfuerzos interinstitucionales que se han mantenido con el Ayuntamiento de Cuernavaca para luchar por la paz en el estado.<\/p>\n\n\n\n<p>En esta ocasi\u00f3n, elementos del Ej\u00e9rcito Mexicano destruyeron 218 armas de fuego, de las cuales 153 eran armas largas y 65 cortas de distintas caracter\u00edsticas, calibres y modelos, aseguradas durante el a\u00f1o 2024 por las distintas autoridades responsables y corresponsables de la Ley Federal de Armas de Fuego y Control de Explosivos, al no cumplir con la propia reglamentaci\u00f3n o haber sido utilizadas en alg\u00fan delito.<\/p>\n\n\n\n<p>En el marco del programa de Prevenci\u00f3n del Delito en la Ni\u00f1ez, se destruyeron mil 090 juguetes b\u00e9licos que fueron canjeados por juguetes did\u00e1cticos, con el objetivo de evitar que ni\u00f1as y ni\u00f1os est\u00e9n expuestos a la violencia, sum\u00e1ndoles a las acciones de construcci\u00f3n de paz.<\/p>\n","protected":false},"excerpt":{"rendered":"<p>El presidente municipal de Cuernavaca respalda esfuerzo del Ej\u00e9rcito Mexicano para erradicar la violencia y promover entornos m\u00e1s seguros para la poblaci\u00f3n El presidente municipal de Cuernavaca, Jos\u00e9 Luis Uri\u00f3stegui Salgado, particip\u00f3 este martes en la ceremonia de destrucci\u00f3n de armamento asegurado y\/o decomisado, que fue puesto a disposici\u00f3n del Ej\u00e9rcito Mexicano. Durante el evento, [&hellip;]<\/p>\n","protected":false},"author":3,"featured_media":732,"comment_status":"open","ping_status":"open","sticky":false,"template":"","format":"standard","meta":{"_jetpack_memberships_contains_paid_content":false,"footnotes":""},"categories":[5],"tags":[],"class_list":["post-731","post","type-post","status-publish","format-standard","has-post-thumbnail","hentry","category-morelos"],"jetpack_featured_media_url":"https:\/\/apdnoticias.com\/wp-content\/uploads\/2025\/02\/731C931E-2D83-4910-87F6-F6E4074CBBB0.jpeg","jetpack_sharing_enabled":true,"_links":{"self":[{"href":"https:\/\/apdnoticias.com\/index.php?rest_route=\/wp\/v2\/posts\/731","targetHints":{"allow":["GET"]}}],"collection":[{"href":"https:\/\/apdnoticias.com\/index.php?rest_route=\/wp\/v2\/posts"}],"about":[{"href":"https:\/\/apdnoticias.com\/index.php?rest_route=\/wp\/v2\/types\/post"}],"author":[{"embeddable":true,"href":"https:\/\/apdnoticias.com\/index.php?rest_route=\/wp\/v2\/users\/3"}],"replies":[{"embeddable":true,"href":"https:\/\/apdnoticias.com\/index.php?rest_route=%2Fwp%2Fv2%2Fcomments&post=731"}],"version-history":[{"count":1,"href":"https:\/\/apdnoticias.com\/index.php?rest_route=\/wp\/v2\/posts\/731\/revisions"}],"predecessor-version":[{"id":733,"href":"https:\/\/apdnoticias.com\/index.php?rest_route=\/wp\/v2\/posts\/731\/revisions\/733"}],"wp:featuredmedia":[{"embeddable":true,"href":"https:\/\/apdnoticias.com\/index.php?rest_route=\/wp\/v2\/media\/732"}],"wp:attachment":[{"href":"https:\/\/apdnoticias.com\/index.php?rest_route=%2Fwp%2Fv2%2Fmedia&parent=731"}],"wp:term":[{"taxonomy":"category","embeddable":true,"href":"https:\/\/apdnoticias.com\/index.php?rest_route=%2Fwp%2Fv2%2Fcategories&post=731"},{"taxonomy":"post_tag","embeddable":true,"href":"https:\/\/apdnoticias.com\/index.php?rest_route=%2Fwp%2Fv2%2Ftags&post=731"}],"curies":[{"name":"wp","href":"https:\/\/api.w.org\/{rel}","templated":true}]}}